{"id":831,"date":"2021-04-19T07:32:06","date_gmt":"2021-04-19T05:32:06","guid":{"rendered":"https:\/\/www.leier.sk\/?p=831"},"modified":"2022-01-31T13:25:11","modified_gmt":"2022-01-31T12:25:11","slug":"navrat-ku-korenom-jedinecne-spojenie-projektu-back-to-basic-so-znackou-durisol","status":"publish","type":"post","link":"https:\/\/www.leier.sk\/en\/blog\/navrat-ku-korenom-jedinecne-spojenie-projektu-back-to-basic-so-znackou-durisol\/","title":{"rendered":"N\u00e1vrat ku kore\u0148om &#8211; jedine\u010dn\u00e9 spojenie projektu Back to basic so zna\u010dkou Durisol"},"content":{"rendered":"<p>Udr\u017eate\u013enos\u0165 a ekol\u00f3gia sa za posledn\u00e9 roky dost\u00e1vaj\u00fa do \u010doraz v\u00e4\u010d\u0161ieho povedomia \u013eud\u00ed, preto sme ve\u013emi radi, \u017ee aj u n\u00e1s na Slovensku sa realizuj\u00fa v\u00fdnimo\u010dn\u00e9 stavby, medzi ktor\u00e9 patr\u00ed aj nov\u00fd projekt Back to basic &#8211; n\u00e1vrat ku kore\u0148om. Tento unik\u00e1tny koncept je zalo\u017een\u00fd na l\u00e1ske k \u017eivotn\u00e9mu prostrediu, ekol\u00f3gii a lok\u00e1lnej v\u00fdrobe. V\u00fdstavba cel\u00e9ho projektu prebieha pri obci Ve\u013ek\u00e9 \u00da\u013eany ne\u010faleko Bratislavy, kde na jednom pozemku vznikla hospod\u00e1rska budova a dokon\u010duje sa stavba rodinn\u00e9ho domu. Hospod\u00e1rska budova bude plni\u0165 dvojak\u00fd \u00fa\u010del, z jednej \u010dasti bude sl\u00fa\u017ei\u0165 na chov dom\u00e1cich zvierat a z tej druhej ako tov\u00e1rni\u010dka na spracovanie a v\u00fdrobu farm\u00e1rskych mlie\u010dnych produktov.<\/p>\n\n\n\n<p>V\u00fdnimo\u010dnos\u0165 tohto projektu v\u0161ak nespo\u010d\u00edva len v jeho \u00fa\u010dele, ale aj v zhotoven\u00ed. Stavby s\u00fa postaven\u00e9 z ekologick\u00e9ho a recyklovate\u013en\u00e9ho stavebn\u00e9ho materi\u00e1lu Durisol, ktor\u00fd vyr\u00e1bame na Slovensku, v bratislavskom z\u00e1vode na\u0161ej spolo\u010dnosti&nbsp;<a href=\"https:\/\/www.leier.sk\/en\/\" target=\"_blank\" rel=\"noreferrer noopener\">Leier Baustoffe SK<\/a>. Cel\u00e1 v\u00fdroba prebieha bez procesu horenia a s takmer minim\u00e1lnou spotrebou energie. V\u00fdsledkom s\u00fa \u013eahko opracovate\u013en\u00e9 ekologick\u00e9 tvarovky, ktor\u00e9 sa daj\u00fa reza\u0165 \u010di fr\u00e9zova\u0165 bez toho, aby stratili svoje vlastnosti.<\/p>\n\n\n\n<p>Na stavbe sa tvarovky ukladaj\u00fa na seba nasucho, pri\u010dom vytv\u00e1raj\u00fa syst\u00e9m straten\u00e9ho debnenia stien. N\u00e1slednou beton\u00e1\u017eou vznikne priebe\u017en\u00e9 bet\u00f3nov\u00e9 jadro, ktor\u00e9 zabezpe\u010d\u00ed statiku celej kon\u0161trukcie. Obvodov\u00e9&nbsp;<a href=\"http:\/\/www.durisoltvarovky.sk\/\" target=\"_blank\" rel=\"noreferrer noopener\">tvarovky Durisol<\/a>&nbsp;s\u00fa vybaven\u00e9 vlo\u017eenou tepelnou izol\u00e1ciou, v\u010faka \u010domu nie je potrebn\u00e9 dodato\u010dn\u00e9 zatep\u013eovanie stavby. Dutiny v tvarovk\u00e1ch je mo\u017en\u00e9 vyu\u017ei\u0165 aj na rozvody k\u00farenia, vody, vzduchotechniky \u010di odpadov\u00e9ho potrubia. Ich por\u00e9zny povrch je zase v\u00fdborn\u00fdm podkladom pre omietku, kotvenie kon\u0161trukci\u00ed \u010di vedenie elektroin\u0161tal\u00e1ci\u00ed. Tento modern\u00fd a funk\u010dn\u00fd syst\u00e9m tak dok\u00e1\u017ee architektovi aj stavebn\u00edkovi pon\u00faknu\u0165 takmer neobmedzen\u00fa slobodu pri v\u00fdstavbe a u\u0161etri\u0165 n\u00e1mahu, \u010das i financie.<\/p>\n\n\n\n<p>Pri v\u00fdstavbe rodinn\u00e9ho domu sa pou\u017eili sendvi\u010dov\u00e9 tvarovky Durisol typu DSs 45\/12 so zabudovanou tepelnou izol\u00e1ciou hr\u00fabky 250 mm pre pas\u00edvne domy a pri hospod\u00e1rskej budove tvarovky DSs 30\/12 s izol\u00e1ciou hr\u00fabky 100 mm, ktor\u00fdch tepeln\u00fd odpor je vhodn\u00fd pre objekty priemyseln\u00e9ho charakteru. Jedine\u010dnos\u0165 oboch stavieb spo\u010d\u00edva aj v zachovan\u00ed fas\u00e1dy s priznan\u00fdm Durisolom. Steny toti\u017e nevy\u017eaduj\u00fa dodato\u010dn\u00e9 zateplenie, bud\u00fa opatren\u00e9 len konzerva\u010dn\u00fdm n\u00e1strekom, a tak v\u010faka pr\u00edrodnej zemitej hnedo-\u010dervenej farbe Durisolu dokonale splyn\u00fa s okolitou pr\u00edrodou.&nbsp;<\/p>\n\n\n\n<p>Cel\u00fd projekt Back to basic je v\u00fdborn\u00fdm pr\u00edkladom spolupr\u00e1ce v\u00fdrobcu a investora, ktor\u00e1 vznikla na z\u00e1klade spolo\u010dnej filozofie a podpory nielen udr\u017eate\u013enej v\u00fdstavby, ale aj ekologick\u00e9ho pr\u00edstupu a podpory lok\u00e1lnej v\u00fdroby.&nbsp;<\/p>\n\n\n\n<p>Viac inform\u00e1ci\u00ed o&nbsp;ekologickom a&nbsp;recyklovate\u013enom stavebnom materi\u00e1li Durisol sa do\u010d\u00edtate aj na na\u0161ej webstr\u00e1nke&nbsp;<a rel=\"noreferrer noopener\" href=\"http:\/\/www.durisoltvarovky.sk\/\" target=\"_blank\">www.durisoltvarovky.sk<\/a>.<\/p>\n\n\n\n<iframe loading=\"lazy\" width=\"560\" height=\"315\" src=\"https:\/\/www.youtube.com\/embed\/Tst3khDmAw4\" title=\"YouTube video player\" frameborder=\"0\" allow=\"accelerometer; autoplay; clipboard-write; encrypted-media; gyroscope; picture-in-picture\" allowfullscreen=\"\"><\/iframe>","protected":false},"excerpt":{"rendered":"<p>Udr\u017eate\u013enos\u0165 a ekol\u00f3gia sa za posledn\u00e9 roky dost\u00e1vaj\u00fa do \u010doraz v\u00e4\u010d\u0161ieho povedomia \u013eud\u00ed, preto sme ve\u013emi radi, \u017ee aj u n\u00e1s na Slovensku sa realizuj\u00fa v\u00fdnimo\u010dn\u00e9 stavby, medzi ktor\u00e9 patr\u00ed aj nov\u00fd projekt Back to basic &#8211; n\u00e1vrat ku kore\u0148om. Tento unik\u00e1tny koncept je zalo\u017een\u00fd na l\u00e1ske k \u017eivotn\u00e9mu prostrediu, ekol\u00f3gii a lok\u00e1lnej v\u00fdrobe. V\u00fdstavba [&hellip;]<\/p>\n","protected":false},"author":1,"featured_media":832,"comment_status":"closed","ping_status":"closed","sticky":false,"template":"","format":"standard","meta":{"footnotes":""},"categories":[1],"tags":[],"class_list":["post-831","post","type-post","status-publish","format-standard","has-post-thumbnail","hentry","category-blog"],"yoast_head":"<!-- This site is optimized with the Yoast SEO plugin v27.5 - https:\/\/yoast.com\/product\/yoast-seo-wordpress\/ -->\n<title>N\u00e1vrat ku kore\u0148om - jedine\u010dn\u00e9 spojenie projektu Back to basic so zna\u010dkou Durisol | Leier.sk<\/title>\n<meta name=\"robots\" content=\"index, follow, max-snippet:-1, max-image-preview:large, max-video-preview:-1\" \/>\n<link rel=\"canonical\" href=\"https:\/\/www.leier.sk\/en\/blog\/navrat-ku-korenom-jedinecne-spojenie-projektu-back-to-basic-so-znackou-durisol\/\" \/>\n<meta property=\"og:locale\" content=\"en_GB\" \/>\n<meta property=\"og:type\" content=\"article\" \/>\n<meta property=\"og:title\" content=\"N\u00e1vrat ku kore\u0148om - jedine\u010dn\u00e9 spojenie projektu Back to basic so zna\u010dkou Durisol | Leier.sk\" \/>\n<meta property=\"og:description\" content=\"Udr\u017eate\u013enos\u0165 a ekol\u00f3gia sa za posledn\u00e9 roky dost\u00e1vaj\u00fa do \u010doraz v\u00e4\u010d\u0161ieho povedomia \u013eud\u00ed, preto sme ve\u013emi radi, \u017ee aj u n\u00e1s na Slovensku sa realizuj\u00fa v\u00fdnimo\u010dn\u00e9 stavby, medzi ktor\u00e9 patr\u00ed aj nov\u00fd projekt Back to basic &#8211; n\u00e1vrat ku kore\u0148om. Tento unik\u00e1tny koncept je zalo\u017een\u00fd na l\u00e1ske k \u017eivotn\u00e9mu prostrediu, ekol\u00f3gii a lok\u00e1lnej v\u00fdrobe. V\u00fdstavba [&hellip;]\" \/>\n<meta property=\"og:url\" content=\"https:\/\/www.leier.sk\/en\/blog\/navrat-ku-korenom-jedinecne-spojenie-projektu-back-to-basic-so-znackou-durisol\/\" \/>\n<meta property=\"og:site_name\" content=\"Leier.sk\" \/>\n<meta property=\"article:publisher\" content=\"https:\/\/www.facebook.com\/LeierSlovakia\/\" \/>\n<meta property=\"article:published_time\" content=\"2021-04-19T05:32:06+00:00\" \/>\n<meta property=\"article:modified_time\" content=\"2022-01-31T12:25:11+00:00\" \/>\n<meta property=\"og:image\" content=\"https:\/\/www.leier.sk\/wp-content\/uploads\/2021\/04\/foto-navrat-ku-korenom.jpg\" \/>\n\t<meta property=\"og:image:width\" content=\"2000\" \/>\n\t<meta property=\"og:image:height\" content=\"1401\" \/>\n\t<meta property=\"og:image:type\" content=\"image\/jpeg\" \/>\n<meta name=\"author\" content=\"Leier\" \/>\n<meta name=\"twitter:card\" content=\"summary_large_image\" \/>\n<meta name=\"twitter:label1\" content=\"Written by\" \/>\n\t<meta name=\"twitter:data1\" content=\"Leier\" \/>\n\t<meta name=\"twitter:label2\" content=\"Estimated reading time\" \/>\n\t<meta name=\"twitter:data2\" content=\"3 minutes\" \/>\n<script type=\"application\/ld+json\" class=\"yoast-schema-graph\">{\"@context\":\"https:\\\/\\\/schema.org\",\"@graph\":[{\"@type\":\"Article\",\"@id\":\"https:\\\/\\\/www.leier.sk\\\/blog\\\/navrat-ku-korenom-jedinecne-spojenie-projektu-back-to-basic-so-znackou-durisol\\\/#article\",\"isPartOf\":{\"@id\":\"https:\\\/\\\/www.leier.sk\\\/blog\\\/navrat-ku-korenom-jedinecne-spojenie-projektu-back-to-basic-so-znackou-durisol\\\/\"},\"author\":{\"name\":\"Leier\",\"@id\":\"https:\\\/\\\/www.leier.sk\\\/#\\\/schema\\\/person\\\/615b579e2d90c095f9ef1d794705d527\"},\"headline\":\"N\u00e1vrat ku kore\u0148om &#8211; jedine\u010dn\u00e9 spojenie projektu Back to basic so zna\u010dkou Durisol\",\"datePublished\":\"2021-04-19T05:32:06+00:00\",\"dateModified\":\"2022-01-31T12:25:11+00:00\",\"mainEntityOfPage\":{\"@id\":\"https:\\\/\\\/www.leier.sk\\\/blog\\\/navrat-ku-korenom-jedinecne-spojenie-projektu-back-to-basic-so-znackou-durisol\\\/\"},\"wordCount\":538,\"publisher\":{\"@id\":\"https:\\\/\\\/www.leier.sk\\\/#organization\"},\"image\":{\"@id\":\"https:\\\/\\\/www.leier.sk\\\/blog\\\/navrat-ku-korenom-jedinecne-spojenie-projektu-back-to-basic-so-znackou-durisol\\\/#primaryimage\"},\"thumbnailUrl\":\"https:\\\/\\\/www.leier.sk\\\/wp-content\\\/uploads\\\/2021\\\/04\\\/foto-navrat-ku-korenom.jpg\",\"articleSection\":[\"Blog\"],\"inLanguage\":\"en-GB\"},{\"@type\":\"WebPage\",\"@id\":\"https:\\\/\\\/www.leier.sk\\\/blog\\\/navrat-ku-korenom-jedinecne-spojenie-projektu-back-to-basic-so-znackou-durisol\\\/\",\"url\":\"https:\\\/\\\/www.leier.sk\\\/blog\\\/navrat-ku-korenom-jedinecne-spojenie-projektu-back-to-basic-so-znackou-durisol\\\/\",\"name\":\"N\u00e1vrat ku kore\u0148om - jedine\u010dn\u00e9 spojenie projektu Back to basic so zna\u010dkou Durisol | Leier.sk\",\"isPartOf\":{\"@id\":\"https:\\\/\\\/www.leier.sk\\\/#website\"},\"primaryImageOfPage\":{\"@id\":\"https:\\\/\\\/www.leier.sk\\\/blog\\\/navrat-ku-korenom-jedinecne-spojenie-projektu-back-to-basic-so-znackou-durisol\\\/#primaryimage\"},\"image\":{\"@id\":\"https:\\\/\\\/www.leier.sk\\\/blog\\\/navrat-ku-korenom-jedinecne-spojenie-projektu-back-to-basic-so-znackou-durisol\\\/#primaryimage\"},\"thumbnailUrl\":\"https:\\\/\\\/www.leier.sk\\\/wp-content\\\/uploads\\\/2021\\\/04\\\/foto-navrat-ku-korenom.jpg\",\"datePublished\":\"2021-04-19T05:32:06+00:00\",\"dateModified\":\"2022-01-31T12:25:11+00:00\",\"breadcrumb\":{\"@id\":\"https:\\\/\\\/www.leier.sk\\\/blog\\\/navrat-ku-korenom-jedinecne-spojenie-projektu-back-to-basic-so-znackou-durisol\\\/#breadcrumb\"},\"inLanguage\":\"en-GB\",\"potentialAction\":[{\"@type\":\"ReadAction\",\"target\":[\"https:\\\/\\\/www.leier.sk\\\/blog\\\/navrat-ku-korenom-jedinecne-spojenie-projektu-back-to-basic-so-znackou-durisol\\\/\"]}]},{\"@type\":\"ImageObject\",\"inLanguage\":\"en-GB\",\"@id\":\"https:\\\/\\\/www.leier.sk\\\/blog\\\/navrat-ku-korenom-jedinecne-spojenie-projektu-back-to-basic-so-znackou-durisol\\\/#primaryimage\",\"url\":\"https:\\\/\\\/www.leier.sk\\\/wp-content\\\/uploads\\\/2021\\\/04\\\/foto-navrat-ku-korenom.jpg\",\"contentUrl\":\"https:\\\/\\\/www.leier.sk\\\/wp-content\\\/uploads\\\/2021\\\/04\\\/foto-navrat-ku-korenom.jpg\",\"width\":2000,\"height\":1401},{\"@type\":\"BreadcrumbList\",\"@id\":\"https:\\\/\\\/www.leier.sk\\\/blog\\\/navrat-ku-korenom-jedinecne-spojenie-projektu-back-to-basic-so-znackou-durisol\\\/#breadcrumb\",\"itemListElement\":[{\"@type\":\"ListItem\",\"position\":1,\"name\":\"Domov\",\"item\":\"https:\\\/\\\/www.leier.sk\\\/\"},{\"@type\":\"ListItem\",\"position\":2,\"name\":\"N\u00e1vrat ku kore\u0148om &#8211; jedine\u010dn\u00e9 spojenie projektu Back to basic so zna\u010dkou Durisol\"}]},{\"@type\":\"WebSite\",\"@id\":\"https:\\\/\\\/www.leier.sk\\\/#website\",\"url\":\"https:\\\/\\\/www.leier.sk\\\/\",\"name\":\"Leier.sk\",\"description\":\"V materi\u00e1loch sme doma\",\"publisher\":{\"@id\":\"https:\\\/\\\/www.leier.sk\\\/#organization\"},\"potentialAction\":[{\"@type\":\"SearchAction\",\"target\":{\"@type\":\"EntryPoint\",\"urlTemplate\":\"https:\\\/\\\/www.leier.sk\\\/?s={search_term_string}\"},\"query-input\":{\"@type\":\"PropertyValueSpecification\",\"valueRequired\":true,\"valueName\":\"search_term_string\"}}],\"inLanguage\":\"en-GB\"},{\"@type\":\"Organization\",\"@id\":\"https:\\\/\\\/www.leier.sk\\\/#organization\",\"name\":\"Leier\",\"url\":\"https:\\\/\\\/www.leier.sk\\\/\",\"logo\":{\"@type\":\"ImageObject\",\"inLanguage\":\"en-GB\",\"@id\":\"https:\\\/\\\/www.leier.sk\\\/#\\\/schema\\\/logo\\\/image\\\/\",\"url\":\"https:\\\/\\\/www.leier.sk\\\/wp-content\\\/uploads\\\/2022\\\/02\\\/logo-leier-inverse.png\",\"contentUrl\":\"https:\\\/\\\/www.leier.sk\\\/wp-content\\\/uploads\\\/2022\\\/02\\\/logo-leier-inverse.png\",\"width\":582,\"height\":179,\"caption\":\"Leier\"},\"image\":{\"@id\":\"https:\\\/\\\/www.leier.sk\\\/#\\\/schema\\\/logo\\\/image\\\/\"},\"sameAs\":[\"https:\\\/\\\/www.facebook.com\\\/LeierSlovakia\\\/\",\"https:\\\/\\\/www.youtube.com\\\/channel\\\/UC56YB_Knhf5YvAJK_Bk-hYg\"]},{\"@type\":\"Person\",\"@id\":\"https:\\\/\\\/www.leier.sk\\\/#\\\/schema\\\/person\\\/615b579e2d90c095f9ef1d794705d527\",\"name\":\"Leier\",\"sameAs\":[\"https:\\\/\\\/www.leier.sk\"],\"url\":\"https:\\\/\\\/www.leier.sk\\\/en\\\/author\\\/leadmin\\\/\"}]}<\/script>\n<!-- \/ Yoast SEO plugin. -->","yoast_head_json":{"title":"N\u00e1vrat ku kore\u0148om - jedine\u010dn\u00e9 spojenie projektu Back to basic so zna\u010dkou Durisol | Leier.sk","robots":{"index":"index","follow":"follow","max-snippet":"max-snippet:-1","max-image-preview":"max-image-preview:large","max-video-preview":"max-video-preview:-1"},"canonical":"https:\/\/www.leier.sk\/en\/blog\/navrat-ku-korenom-jedinecne-spojenie-projektu-back-to-basic-so-znackou-durisol\/","og_locale":"en_GB","og_type":"article","og_title":"N\u00e1vrat ku kore\u0148om - jedine\u010dn\u00e9 spojenie projektu Back to basic so zna\u010dkou Durisol | Leier.sk","og_description":"Udr\u017eate\u013enos\u0165 a ekol\u00f3gia sa za posledn\u00e9 roky dost\u00e1vaj\u00fa do \u010doraz v\u00e4\u010d\u0161ieho povedomia \u013eud\u00ed, preto sme ve\u013emi radi, \u017ee aj u n\u00e1s na Slovensku sa realizuj\u00fa v\u00fdnimo\u010dn\u00e9 stavby, medzi ktor\u00e9 patr\u00ed aj nov\u00fd projekt Back to basic &#8211; n\u00e1vrat ku kore\u0148om. Tento unik\u00e1tny koncept je zalo\u017een\u00fd na l\u00e1ske k \u017eivotn\u00e9mu prostrediu, ekol\u00f3gii a lok\u00e1lnej v\u00fdrobe. V\u00fdstavba [&hellip;]","og_url":"https:\/\/www.leier.sk\/en\/blog\/navrat-ku-korenom-jedinecne-spojenie-projektu-back-to-basic-so-znackou-durisol\/","og_site_name":"Leier.sk","article_publisher":"https:\/\/www.facebook.com\/LeierSlovakia\/","article_published_time":"2021-04-19T05:32:06+00:00","article_modified_time":"2022-01-31T12:25:11+00:00","og_image":[{"width":2000,"height":1401,"url":"https:\/\/www.leier.sk\/wp-content\/uploads\/2021\/04\/foto-navrat-ku-korenom.jpg","type":"image\/jpeg"}],"author":"Leier","twitter_card":"summary_large_image","twitter_misc":{"Written by":"Leier","Estimated reading time":"3 minutes"},"schema":{"@context":"https:\/\/schema.org","@graph":[{"@type":"Article","@id":"https:\/\/www.leier.sk\/blog\/navrat-ku-korenom-jedinecne-spojenie-projektu-back-to-basic-so-znackou-durisol\/#article","isPartOf":{"@id":"https:\/\/www.leier.sk\/blog\/navrat-ku-korenom-jedinecne-spojenie-projektu-back-to-basic-so-znackou-durisol\/"},"author":{"name":"Leier","@id":"https:\/\/www.leier.sk\/#\/schema\/person\/615b579e2d90c095f9ef1d794705d527"},"headline":"N\u00e1vrat ku kore\u0148om &#8211; jedine\u010dn\u00e9 spojenie projektu Back to basic so zna\u010dkou Durisol","datePublished":"2021-04-19T05:32:06+00:00","dateModified":"2022-01-31T12:25:11+00:00","mainEntityOfPage":{"@id":"https:\/\/www.leier.sk\/blog\/navrat-ku-korenom-jedinecne-spojenie-projektu-back-to-basic-so-znackou-durisol\/"},"wordCount":538,"publisher":{"@id":"https:\/\/www.leier.sk\/#organization"},"image":{"@id":"https:\/\/www.leier.sk\/blog\/navrat-ku-korenom-jedinecne-spojenie-projektu-back-to-basic-so-znackou-durisol\/#primaryimage"},"thumbnailUrl":"https:\/\/www.leier.sk\/wp-content\/uploads\/2021\/04\/foto-navrat-ku-korenom.jpg","articleSection":["Blog"],"inLanguage":"en-GB"},{"@type":"WebPage","@id":"https:\/\/www.leier.sk\/blog\/navrat-ku-korenom-jedinecne-spojenie-projektu-back-to-basic-so-znackou-durisol\/","url":"https:\/\/www.leier.sk\/blog\/navrat-ku-korenom-jedinecne-spojenie-projektu-back-to-basic-so-znackou-durisol\/","name":"N\u00e1vrat ku kore\u0148om - jedine\u010dn\u00e9 spojenie projektu Back to basic so zna\u010dkou Durisol | Leier.sk","isPartOf":{"@id":"https:\/\/www.leier.sk\/#website"},"primaryImageOfPage":{"@id":"https:\/\/www.leier.sk\/blog\/navrat-ku-korenom-jedinecne-spojenie-projektu-back-to-basic-so-znackou-durisol\/#primaryimage"},"image":{"@id":"https:\/\/www.leier.sk\/blog\/navrat-ku-korenom-jedinecne-spojenie-projektu-back-to-basic-so-znackou-durisol\/#primaryimage"},"thumbnailUrl":"https:\/\/www.leier.sk\/wp-content\/uploads\/2021\/04\/foto-navrat-ku-korenom.jpg","datePublished":"2021-04-19T05:32:06+00:00","dateModified":"2022-01-31T12:25:11+00:00","breadcrumb":{"@id":"https:\/\/www.leier.sk\/blog\/navrat-ku-korenom-jedinecne-spojenie-projektu-back-to-basic-so-znackou-durisol\/#breadcrumb"},"inLanguage":"en-GB","potentialAction":[{"@type":"ReadAction","target":["https:\/\/www.leier.sk\/blog\/navrat-ku-korenom-jedinecne-spojenie-projektu-back-to-basic-so-znackou-durisol\/"]}]},{"@type":"ImageObject","inLanguage":"en-GB","@id":"https:\/\/www.leier.sk\/blog\/navrat-ku-korenom-jedinecne-spojenie-projektu-back-to-basic-so-znackou-durisol\/#primaryimage","url":"https:\/\/www.leier.sk\/wp-content\/uploads\/2021\/04\/foto-navrat-ku-korenom.jpg","contentUrl":"https:\/\/www.leier.sk\/wp-content\/uploads\/2021\/04\/foto-navrat-ku-korenom.jpg","width":2000,"height":1401},{"@type":"BreadcrumbList","@id":"https:\/\/www.leier.sk\/blog\/navrat-ku-korenom-jedinecne-spojenie-projektu-back-to-basic-so-znackou-durisol\/#breadcrumb","itemListElement":[{"@type":"ListItem","position":1,"name":"Domov","item":"https:\/\/www.leier.sk\/"},{"@type":"ListItem","position":2,"name":"N\u00e1vrat ku kore\u0148om &#8211; jedine\u010dn\u00e9 spojenie projektu Back to basic so zna\u010dkou Durisol"}]},{"@type":"WebSite","@id":"https:\/\/www.leier.sk\/#website","url":"https:\/\/www.leier.sk\/","name":"Leier.sk","description":"V materi\u00e1loch sme doma","publisher":{"@id":"https:\/\/www.leier.sk\/#organization"},"potentialAction":[{"@type":"SearchAction","target":{"@type":"EntryPoint","urlTemplate":"https:\/\/www.leier.sk\/?s={search_term_string}"},"query-input":{"@type":"PropertyValueSpecification","valueRequired":true,"valueName":"search_term_string"}}],"inLanguage":"en-GB"},{"@type":"Organization","@id":"https:\/\/www.leier.sk\/#organization","name":"Leier","url":"https:\/\/www.leier.sk\/","logo":{"@type":"ImageObject","inLanguage":"en-GB","@id":"https:\/\/www.leier.sk\/#\/schema\/logo\/image\/","url":"https:\/\/www.leier.sk\/wp-content\/uploads\/2022\/02\/logo-leier-inverse.png","contentUrl":"https:\/\/www.leier.sk\/wp-content\/uploads\/2022\/02\/logo-leier-inverse.png","width":582,"height":179,"caption":"Leier"},"image":{"@id":"https:\/\/www.leier.sk\/#\/schema\/logo\/image\/"},"sameAs":["https:\/\/www.facebook.com\/LeierSlovakia\/","https:\/\/www.youtube.com\/channel\/UC56YB_Knhf5YvAJK_Bk-hYg"]},{"@type":"Person","@id":"https:\/\/www.leier.sk\/#\/schema\/person\/615b579e2d90c095f9ef1d794705d527","name":"Leier","sameAs":["https:\/\/www.leier.sk"],"url":"https:\/\/www.leier.sk\/en\/author\/leadmin\/"}]}},"_links":{"self":[{"href":"https:\/\/www.leier.sk\/en\/wp-json\/wp\/v2\/posts\/831","targetHints":{"allow":["GET"]}}],"collection":[{"href":"https:\/\/www.leier.sk\/en\/wp-json\/wp\/v2\/posts"}],"about":[{"href":"https:\/\/www.leier.sk\/en\/wp-json\/wp\/v2\/types\/post"}],"author":[{"embeddable":true,"href":"https:\/\/www.leier.sk\/en\/wp-json\/wp\/v2\/users\/1"}],"replies":[{"embeddable":true,"href":"https:\/\/www.leier.sk\/en\/wp-json\/wp\/v2\/comments?post=831"}],"version-history":[{"count":0,"href":"https:\/\/www.leier.sk\/en\/wp-json\/wp\/v2\/posts\/831\/revisions"}],"wp:featuredmedia":[{"embeddable":true,"href":"https:\/\/www.leier.sk\/en\/wp-json\/wp\/v2\/media\/832"}],"wp:attachment":[{"href":"https:\/\/www.leier.sk\/en\/wp-json\/wp\/v2\/media?parent=831"}],"wp:term":[{"taxonomy":"category","embeddable":true,"href":"https:\/\/www.leier.sk\/en\/wp-json\/wp\/v2\/categories?post=831"},{"taxonomy":"post_tag","embeddable":true,"href":"https:\/\/www.leier.sk\/en\/wp-json\/wp\/v2\/tags?post=831"}],"curies":[{"name":"wp","href":"https:\/\/api.w.org\/{rel}","templated":true}]}}