{"id":828,"date":"2021-04-19T07:27:36","date_gmt":"2021-04-19T05:27:36","guid":{"rendered":"https:\/\/www.leier.sk\/?p=828"},"modified":"2022-01-31T13:25:33","modified_gmt":"2022-01-31T12:25:33","slug":"k-aktualnej-situacii-pristupujeme-zodpovedne","status":"publish","type":"post","link":"https:\/\/www.leier.sk\/en\/blog\/k-aktualnej-situacii-pristupujeme-zodpovedne\/","title":{"rendered":"K aktu\u00e1lnej situ\u00e1cii pristupujeme zodpovedne!"},"content":{"rendered":"<p>Jarn\u00e9 mesiace maj\u00fa v ob\u013eube najm\u00e4 v\u0161etci stavebn\u00edci a dom\u00e1ci kutili, ktor\u00ed sa po zimnej pauze m\u00f4\u017eu op\u00e4\u0165 pusti\u0165 do realiz\u00e1cie nov\u00fdch projektov \u010di rekon\u0161trukci\u00ed. Stavebn\u00e9 podmienky n\u00e1m v\u0161ak tento rok ovplyvnila kr\u00edzov\u00e1 situ\u00e1cia. Pand\u00e9mia sp\u00f4soben\u00e1 nov\u00fdm koronav\u00edrusom obmedzila pohyb a mo\u017enosti predaja \u010di k\u00fapy materi\u00e1lu, \u010d\u00edm skomplikovala mnoh\u00e9 stavebn\u00e9 pr\u00e1ce. Re\u0161trikt\u00edvne opatrenia zas sp\u00f4sobili probl\u00e9my s dod\u00e1vkami a tie\u017e s pracovnou silou na stavb\u00e1ch. Utrpeli t\u00fdm najm\u00e4 zhotovitelia a mal\u00e9 firmy \u010di \u017eivnostn\u00edci, ktor\u00fdch je v stavebn\u00edctve mnoho.<\/p>\n\n\n\n<p><em>\u201eAj my, ako v\u00fdrobca stavebn\u00fdch materi\u00e1lov, si uvedomujeme v\u00e1\u017enos\u0165 tejto situ\u00e1cie. K svojim z\u00e1kazn\u00edkom pristupujeme ve\u013emi zodpovedne. S pln\u00fdm nasaden\u00edm rob\u00edme v\u0161etko preto, aby sme zabezpe\u010dili dostupnos\u0165 produktov aj u v\u0161etk\u00fdch zmluvn\u00fdch partnerov a prispeli tak k realiz\u00e1ci\u00ed napl\u00e1novan\u00fdch projektov, \u010do sa n\u00e1m zatia\u013e \u00faspe\u0161ne dar\u00ed. Na\u0161\u00edm hlavn\u00fdm cie\u013eom je neust\u00e1le zdokona\u013eova\u0165 technol\u00f3gie, prin\u00e1\u0161a\u0165 novinky a otv\u00e1ra\u0165 dvere ekologickej a udr\u017eate\u013enej v\u00fdstavbe. V tom pokra\u010dujeme aj po\u010das koronakr\u00edzy. Oba na\u0161e slovensk\u00e9 z\u00e1vody funguj\u00fa, pri\u010dom db\u00e1me na dodr\u017eiavanie v\u0161etk\u00fdch hygienick\u00fdch nariaden\u00ed. Prioritou zost\u00e1va zdravie na\u0161ich zamestnancov.\u201c<\/em>&nbsp;vyjadril sa konate\u013e spolo\u010dnosti Mag. \u013dubom\u00edr Roth.<\/p>\n\n\n\n<p>Mnoh\u00e9 stavebniny boli otvoren\u00e9 u\u017e aj v apr\u00edli a vzh\u013eadom na priazniv\u00fd v\u00fdvoj epidemiologickej situ\u00e1cie&nbsp;na Slovensku a \u010fal\u0161iemu uvo\u013e\u0148ovaniu opatren\u00ed ich doplnili aj \u010fal\u0161ie prev\u00e1dzky, obchody \u010di slu\u017eby bez obmedzenia ve\u013ekosti ich rozlohy. Situ\u00e1cia sa tak pomali\u010dky vracia do norm\u00e1lu, \u010do d\u00e1va v\u0161etk\u00fdm stavb\u00e1rom op\u00e4\u0165 priestor na doteraz odkladan\u00e9 stavebn\u00e9 projekty, pl\u00e1novan\u00fa v\u00fdstavbu \u010di potrebn\u00e9 rekon\u0161trukcie a \u00fapravy z\u00e1hrad i okolia domu.&nbsp;<\/p>\n\n\n\n<p><em>\u201eAk zostaneme zodpovedn\u00ed a situ\u00e1cia sa bude aj na\u010falej vyv\u00edja\u0165 tak ako doteraz, m\u00f4\u017eeme si u\u017ei\u0165 plnohodnotn\u00fa stavb\u00e1rsku sez\u00f3nu.\u201d&nbsp;<\/em>uzavrel \u013d. Roth.<\/p>","protected":false},"excerpt":{"rendered":"<p>Jarn\u00e9 mesiace maj\u00fa v ob\u013eube najm\u00e4 v\u0161etci stavebn\u00edci a dom\u00e1ci kutili, ktor\u00ed sa po zimnej pauze m\u00f4\u017eu op\u00e4\u0165 pusti\u0165 do realiz\u00e1cie nov\u00fdch projektov \u010di rekon\u0161trukci\u00ed. Stavebn\u00e9 podmienky n\u00e1m v\u0161ak tento rok ovplyvnila kr\u00edzov\u00e1 situ\u00e1cia. Pand\u00e9mia sp\u00f4soben\u00e1 nov\u00fdm koronav\u00edrusom obmedzila pohyb a mo\u017enosti predaja \u010di k\u00fapy materi\u00e1lu, \u010d\u00edm skomplikovala mnoh\u00e9 stavebn\u00e9 pr\u00e1ce. Re\u0161trikt\u00edvne opatrenia zas sp\u00f4sobili [&hellip;]<\/p>\n","protected":false},"author":1,"featured_media":829,"comment_status":"closed","ping_status":"closed","sticky":false,"template":"","format":"standard","meta":{"footnotes":""},"categories":[1],"tags":[],"class_list":["post-828","post","type-post","status-publish","format-standard","has-post-thumbnail","hentry","category-blog"],"yoast_head":"<!-- This site is optimized with the Yoast SEO plugin v27.5 - https:\/\/yoast.com\/product\/yoast-seo-wordpress\/ -->\n<title>K aktu\u00e1lnej situ\u00e1cii pristupujeme zodpovedne! | Leier.sk<\/title>\n<meta name=\"robots\" content=\"index, follow, max-snippet:-1, max-image-preview:large, max-video-preview:-1\" \/>\n<link rel=\"canonical\" href=\"https:\/\/www.leier.sk\/en\/blog\/k-aktualnej-situacii-pristupujeme-zodpovedne\/\" \/>\n<meta property=\"og:locale\" content=\"en_GB\" \/>\n<meta property=\"og:type\" content=\"article\" \/>\n<meta property=\"og:title\" content=\"K aktu\u00e1lnej situ\u00e1cii pristupujeme zodpovedne! | Leier.sk\" \/>\n<meta property=\"og:description\" content=\"Jarn\u00e9 mesiace maj\u00fa v ob\u013eube najm\u00e4 v\u0161etci stavebn\u00edci a dom\u00e1ci kutili, ktor\u00ed sa po zimnej pauze m\u00f4\u017eu op\u00e4\u0165 pusti\u0165 do realiz\u00e1cie nov\u00fdch projektov \u010di rekon\u0161trukci\u00ed. Stavebn\u00e9 podmienky n\u00e1m v\u0161ak tento rok ovplyvnila kr\u00edzov\u00e1 situ\u00e1cia. Pand\u00e9mia sp\u00f4soben\u00e1 nov\u00fdm koronav\u00edrusom obmedzila pohyb a mo\u017enosti predaja \u010di k\u00fapy materi\u00e1lu, \u010d\u00edm skomplikovala mnoh\u00e9 stavebn\u00e9 pr\u00e1ce. Re\u0161trikt\u00edvne opatrenia zas sp\u00f4sobili [&hellip;]\" \/>\n<meta property=\"og:url\" content=\"https:\/\/www.leier.sk\/en\/blog\/k-aktualnej-situacii-pristupujeme-zodpovedne\/\" \/>\n<meta property=\"og:site_name\" content=\"Leier.sk\" \/>\n<meta property=\"article:publisher\" content=\"https:\/\/www.facebook.com\/LeierSlovakia\/\" \/>\n<meta property=\"article:published_time\" content=\"2021-04-19T05:27:36+00:00\" \/>\n<meta property=\"article:modified_time\" content=\"2022-01-31T12:25:33+00:00\" \/>\n<meta property=\"og:image\" content=\"https:\/\/www.leier.sk\/wp-content\/uploads\/2021\/04\/bratislava-2000x1400-1.jpg\" \/>\n\t<meta property=\"og:image:width\" content=\"2000\" \/>\n\t<meta property=\"og:image:height\" content=\"1400\" \/>\n\t<meta property=\"og:image:type\" content=\"image\/jpeg\" \/>\n<meta name=\"author\" content=\"Leier\" \/>\n<meta name=\"twitter:card\" content=\"summary_large_image\" \/>\n<meta name=\"twitter:label1\" content=\"Written by\" \/>\n\t<meta name=\"twitter:data1\" content=\"Leier\" \/>\n\t<meta name=\"twitter:label2\" content=\"Estimated reading time\" \/>\n\t<meta name=\"twitter:data2\" content=\"2 minutes\" \/>\n<script type=\"application\/ld+json\" class=\"yoast-schema-graph\">{\"@context\":\"https:\\\/\\\/schema.org\",\"@graph\":[{\"@type\":\"Article\",\"@id\":\"https:\\\/\\\/www.leier.sk\\\/blog\\\/k-aktualnej-situacii-pristupujeme-zodpovedne\\\/#article\",\"isPartOf\":{\"@id\":\"https:\\\/\\\/www.leier.sk\\\/blog\\\/k-aktualnej-situacii-pristupujeme-zodpovedne\\\/\"},\"author\":{\"name\":\"Leier\",\"@id\":\"https:\\\/\\\/www.leier.sk\\\/#\\\/schema\\\/person\\\/615b579e2d90c095f9ef1d794705d527\"},\"headline\":\"K aktu\u00e1lnej situ\u00e1cii pristupujeme zodpovedne!\",\"datePublished\":\"2021-04-19T05:27:36+00:00\",\"dateModified\":\"2022-01-31T12:25:33+00:00\",\"mainEntityOfPage\":{\"@id\":\"https:\\\/\\\/www.leier.sk\\\/blog\\\/k-aktualnej-situacii-pristupujeme-zodpovedne\\\/\"},\"wordCount\":371,\"publisher\":{\"@id\":\"https:\\\/\\\/www.leier.sk\\\/#organization\"},\"image\":{\"@id\":\"https:\\\/\\\/www.leier.sk\\\/blog\\\/k-aktualnej-situacii-pristupujeme-zodpovedne\\\/#primaryimage\"},\"thumbnailUrl\":\"https:\\\/\\\/www.leier.sk\\\/wp-content\\\/uploads\\\/2021\\\/04\\\/bratislava-2000x1400-1.jpg\",\"articleSection\":[\"Blog\"],\"inLanguage\":\"en-GB\"},{\"@type\":\"WebPage\",\"@id\":\"https:\\\/\\\/www.leier.sk\\\/blog\\\/k-aktualnej-situacii-pristupujeme-zodpovedne\\\/\",\"url\":\"https:\\\/\\\/www.leier.sk\\\/blog\\\/k-aktualnej-situacii-pristupujeme-zodpovedne\\\/\",\"name\":\"K aktu\u00e1lnej situ\u00e1cii pristupujeme zodpovedne! | Leier.sk\",\"isPartOf\":{\"@id\":\"https:\\\/\\\/www.leier.sk\\\/#website\"},\"primaryImageOfPage\":{\"@id\":\"https:\\\/\\\/www.leier.sk\\\/blog\\\/k-aktualnej-situacii-pristupujeme-zodpovedne\\\/#primaryimage\"},\"image\":{\"@id\":\"https:\\\/\\\/www.leier.sk\\\/blog\\\/k-aktualnej-situacii-pristupujeme-zodpovedne\\\/#primaryimage\"},\"thumbnailUrl\":\"https:\\\/\\\/www.leier.sk\\\/wp-content\\\/uploads\\\/2021\\\/04\\\/bratislava-2000x1400-1.jpg\",\"datePublished\":\"2021-04-19T05:27:36+00:00\",\"dateModified\":\"2022-01-31T12:25:33+00:00\",\"breadcrumb\":{\"@id\":\"https:\\\/\\\/www.leier.sk\\\/blog\\\/k-aktualnej-situacii-pristupujeme-zodpovedne\\\/#breadcrumb\"},\"inLanguage\":\"en-GB\",\"potentialAction\":[{\"@type\":\"ReadAction\",\"target\":[\"https:\\\/\\\/www.leier.sk\\\/blog\\\/k-aktualnej-situacii-pristupujeme-zodpovedne\\\/\"]}]},{\"@type\":\"ImageObject\",\"inLanguage\":\"en-GB\",\"@id\":\"https:\\\/\\\/www.leier.sk\\\/blog\\\/k-aktualnej-situacii-pristupujeme-zodpovedne\\\/#primaryimage\",\"url\":\"https:\\\/\\\/www.leier.sk\\\/wp-content\\\/uploads\\\/2021\\\/04\\\/bratislava-2000x1400-1.jpg\",\"contentUrl\":\"https:\\\/\\\/www.leier.sk\\\/wp-content\\\/uploads\\\/2021\\\/04\\\/bratislava-2000x1400-1.jpg\",\"width\":2000,\"height\":1400},{\"@type\":\"BreadcrumbList\",\"@id\":\"https:\\\/\\\/www.leier.sk\\\/blog\\\/k-aktualnej-situacii-pristupujeme-zodpovedne\\\/#breadcrumb\",\"itemListElement\":[{\"@type\":\"ListItem\",\"position\":1,\"name\":\"Domov\",\"item\":\"https:\\\/\\\/www.leier.sk\\\/\"},{\"@type\":\"ListItem\",\"position\":2,\"name\":\"K aktu\u00e1lnej situ\u00e1cii pristupujeme zodpovedne!\"}]},{\"@type\":\"WebSite\",\"@id\":\"https:\\\/\\\/www.leier.sk\\\/#website\",\"url\":\"https:\\\/\\\/www.leier.sk\\\/\",\"name\":\"Leier.sk\",\"description\":\"V materi\u00e1loch sme doma\",\"publisher\":{\"@id\":\"https:\\\/\\\/www.leier.sk\\\/#organization\"},\"potentialAction\":[{\"@type\":\"SearchAction\",\"target\":{\"@type\":\"EntryPoint\",\"urlTemplate\":\"https:\\\/\\\/www.leier.sk\\\/?s={search_term_string}\"},\"query-input\":{\"@type\":\"PropertyValueSpecification\",\"valueRequired\":true,\"valueName\":\"search_term_string\"}}],\"inLanguage\":\"en-GB\"},{\"@type\":\"Organization\",\"@id\":\"https:\\\/\\\/www.leier.sk\\\/#organization\",\"name\":\"Leier\",\"url\":\"https:\\\/\\\/www.leier.sk\\\/\",\"logo\":{\"@type\":\"ImageObject\",\"inLanguage\":\"en-GB\",\"@id\":\"https:\\\/\\\/www.leier.sk\\\/#\\\/schema\\\/logo\\\/image\\\/\",\"url\":\"https:\\\/\\\/www.leier.sk\\\/wp-content\\\/uploads\\\/2022\\\/02\\\/logo-leier-inverse.png\",\"contentUrl\":\"https:\\\/\\\/www.leier.sk\\\/wp-content\\\/uploads\\\/2022\\\/02\\\/logo-leier-inverse.png\",\"width\":582,\"height\":179,\"caption\":\"Leier\"},\"image\":{\"@id\":\"https:\\\/\\\/www.leier.sk\\\/#\\\/schema\\\/logo\\\/image\\\/\"},\"sameAs\":[\"https:\\\/\\\/www.facebook.com\\\/LeierSlovakia\\\/\",\"https:\\\/\\\/www.youtube.com\\\/channel\\\/UC56YB_Knhf5YvAJK_Bk-hYg\"]},{\"@type\":\"Person\",\"@id\":\"https:\\\/\\\/www.leier.sk\\\/#\\\/schema\\\/person\\\/615b579e2d90c095f9ef1d794705d527\",\"name\":\"Leier\",\"sameAs\":[\"https:\\\/\\\/www.leier.sk\"],\"url\":\"https:\\\/\\\/www.leier.sk\\\/en\\\/author\\\/leadmin\\\/\"}]}<\/script>\n<!-- \/ Yoast SEO plugin. -->","yoast_head_json":{"title":"K aktu\u00e1lnej situ\u00e1cii pristupujeme zodpovedne! | Leier.sk","robots":{"index":"index","follow":"follow","max-snippet":"max-snippet:-1","max-image-preview":"max-image-preview:large","max-video-preview":"max-video-preview:-1"},"canonical":"https:\/\/www.leier.sk\/en\/blog\/k-aktualnej-situacii-pristupujeme-zodpovedne\/","og_locale":"en_GB","og_type":"article","og_title":"K aktu\u00e1lnej situ\u00e1cii pristupujeme zodpovedne! | Leier.sk","og_description":"Jarn\u00e9 mesiace maj\u00fa v ob\u013eube najm\u00e4 v\u0161etci stavebn\u00edci a dom\u00e1ci kutili, ktor\u00ed sa po zimnej pauze m\u00f4\u017eu op\u00e4\u0165 pusti\u0165 do realiz\u00e1cie nov\u00fdch projektov \u010di rekon\u0161trukci\u00ed. Stavebn\u00e9 podmienky n\u00e1m v\u0161ak tento rok ovplyvnila kr\u00edzov\u00e1 situ\u00e1cia. Pand\u00e9mia sp\u00f4soben\u00e1 nov\u00fdm koronav\u00edrusom obmedzila pohyb a mo\u017enosti predaja \u010di k\u00fapy materi\u00e1lu, \u010d\u00edm skomplikovala mnoh\u00e9 stavebn\u00e9 pr\u00e1ce. Re\u0161trikt\u00edvne opatrenia zas sp\u00f4sobili [&hellip;]","og_url":"https:\/\/www.leier.sk\/en\/blog\/k-aktualnej-situacii-pristupujeme-zodpovedne\/","og_site_name":"Leier.sk","article_publisher":"https:\/\/www.facebook.com\/LeierSlovakia\/","article_published_time":"2021-04-19T05:27:36+00:00","article_modified_time":"2022-01-31T12:25:33+00:00","og_image":[{"width":2000,"height":1400,"url":"https:\/\/www.leier.sk\/wp-content\/uploads\/2021\/04\/bratislava-2000x1400-1.jpg","type":"image\/jpeg"}],"author":"Leier","twitter_card":"summary_large_image","twitter_misc":{"Written by":"Leier","Estimated reading time":"2 minutes"},"schema":{"@context":"https:\/\/schema.org","@graph":[{"@type":"Article","@id":"https:\/\/www.leier.sk\/blog\/k-aktualnej-situacii-pristupujeme-zodpovedne\/#article","isPartOf":{"@id":"https:\/\/www.leier.sk\/blog\/k-aktualnej-situacii-pristupujeme-zodpovedne\/"},"author":{"name":"Leier","@id":"https:\/\/www.leier.sk\/#\/schema\/person\/615b579e2d90c095f9ef1d794705d527"},"headline":"K aktu\u00e1lnej situ\u00e1cii pristupujeme zodpovedne!","datePublished":"2021-04-19T05:27:36+00:00","dateModified":"2022-01-31T12:25:33+00:00","mainEntityOfPage":{"@id":"https:\/\/www.leier.sk\/blog\/k-aktualnej-situacii-pristupujeme-zodpovedne\/"},"wordCount":371,"publisher":{"@id":"https:\/\/www.leier.sk\/#organization"},"image":{"@id":"https:\/\/www.leier.sk\/blog\/k-aktualnej-situacii-pristupujeme-zodpovedne\/#primaryimage"},"thumbnailUrl":"https:\/\/www.leier.sk\/wp-content\/uploads\/2021\/04\/bratislava-2000x1400-1.jpg","articleSection":["Blog"],"inLanguage":"en-GB"},{"@type":"WebPage","@id":"https:\/\/www.leier.sk\/blog\/k-aktualnej-situacii-pristupujeme-zodpovedne\/","url":"https:\/\/www.leier.sk\/blog\/k-aktualnej-situacii-pristupujeme-zodpovedne\/","name":"K aktu\u00e1lnej situ\u00e1cii pristupujeme zodpovedne! | Leier.sk","isPartOf":{"@id":"https:\/\/www.leier.sk\/#website"},"primaryImageOfPage":{"@id":"https:\/\/www.leier.sk\/blog\/k-aktualnej-situacii-pristupujeme-zodpovedne\/#primaryimage"},"image":{"@id":"https:\/\/www.leier.sk\/blog\/k-aktualnej-situacii-pristupujeme-zodpovedne\/#primaryimage"},"thumbnailUrl":"https:\/\/www.leier.sk\/wp-content\/uploads\/2021\/04\/bratislava-2000x1400-1.jpg","datePublished":"2021-04-19T05:27:36+00:00","dateModified":"2022-01-31T12:25:33+00:00","breadcrumb":{"@id":"https:\/\/www.leier.sk\/blog\/k-aktualnej-situacii-pristupujeme-zodpovedne\/#breadcrumb"},"inLanguage":"en-GB","potentialAction":[{"@type":"ReadAction","target":["https:\/\/www.leier.sk\/blog\/k-aktualnej-situacii-pristupujeme-zodpovedne\/"]}]},{"@type":"ImageObject","inLanguage":"en-GB","@id":"https:\/\/www.leier.sk\/blog\/k-aktualnej-situacii-pristupujeme-zodpovedne\/#primaryimage","url":"https:\/\/www.leier.sk\/wp-content\/uploads\/2021\/04\/bratislava-2000x1400-1.jpg","contentUrl":"https:\/\/www.leier.sk\/wp-content\/uploads\/2021\/04\/bratislava-2000x1400-1.jpg","width":2000,"height":1400},{"@type":"BreadcrumbList","@id":"https:\/\/www.leier.sk\/blog\/k-aktualnej-situacii-pristupujeme-zodpovedne\/#breadcrumb","itemListElement":[{"@type":"ListItem","position":1,"name":"Domov","item":"https:\/\/www.leier.sk\/"},{"@type":"ListItem","position":2,"name":"K aktu\u00e1lnej situ\u00e1cii pristupujeme zodpovedne!"}]},{"@type":"WebSite","@id":"https:\/\/www.leier.sk\/#website","url":"https:\/\/www.leier.sk\/","name":"Leier.sk","description":"V materi\u00e1loch sme doma","publisher":{"@id":"https:\/\/www.leier.sk\/#organization"},"potentialAction":[{"@type":"SearchAction","target":{"@type":"EntryPoint","urlTemplate":"https:\/\/www.leier.sk\/?s={search_term_string}"},"query-input":{"@type":"PropertyValueSpecification","valueRequired":true,"valueName":"search_term_string"}}],"inLanguage":"en-GB"},{"@type":"Organization","@id":"https:\/\/www.leier.sk\/#organization","name":"Leier","url":"https:\/\/www.leier.sk\/","logo":{"@type":"ImageObject","inLanguage":"en-GB","@id":"https:\/\/www.leier.sk\/#\/schema\/logo\/image\/","url":"https:\/\/www.leier.sk\/wp-content\/uploads\/2022\/02\/logo-leier-inverse.png","contentUrl":"https:\/\/www.leier.sk\/wp-content\/uploads\/2022\/02\/logo-leier-inverse.png","width":582,"height":179,"caption":"Leier"},"image":{"@id":"https:\/\/www.leier.sk\/#\/schema\/logo\/image\/"},"sameAs":["https:\/\/www.facebook.com\/LeierSlovakia\/","https:\/\/www.youtube.com\/channel\/UC56YB_Knhf5YvAJK_Bk-hYg"]},{"@type":"Person","@id":"https:\/\/www.leier.sk\/#\/schema\/person\/615b579e2d90c095f9ef1d794705d527","name":"Leier","sameAs":["https:\/\/www.leier.sk"],"url":"https:\/\/www.leier.sk\/en\/author\/leadmin\/"}]}},"_links":{"self":[{"href":"https:\/\/www.leier.sk\/en\/wp-json\/wp\/v2\/posts\/828","targetHints":{"allow":["GET"]}}],"collection":[{"href":"https:\/\/www.leier.sk\/en\/wp-json\/wp\/v2\/posts"}],"about":[{"href":"https:\/\/www.leier.sk\/en\/wp-json\/wp\/v2\/types\/post"}],"author":[{"embeddable":true,"href":"https:\/\/www.leier.sk\/en\/wp-json\/wp\/v2\/users\/1"}],"replies":[{"embeddable":true,"href":"https:\/\/www.leier.sk\/en\/wp-json\/wp\/v2\/comments?post=828"}],"version-history":[{"count":0,"href":"https:\/\/www.leier.sk\/en\/wp-json\/wp\/v2\/posts\/828\/revisions"}],"wp:featuredmedia":[{"embeddable":true,"href":"https:\/\/www.leier.sk\/en\/wp-json\/wp\/v2\/media\/829"}],"wp:attachment":[{"href":"https:\/\/www.leier.sk\/en\/wp-json\/wp\/v2\/media?parent=828"}],"wp:term":[{"taxonomy":"category","embeddable":true,"href":"https:\/\/www.leier.sk\/en\/wp-json\/wp\/v2\/categories?post=828"},{"taxonomy":"post_tag","embeddable":true,"href":"https:\/\/www.leier.sk\/en\/wp-json\/wp\/v2\/tags?post=828"}],"curies":[{"name":"wp","href":"https:\/\/api.w.org\/{rel}","templated":true}]}}