{"id":2942,"date":"2024-05-07T10:07:49","date_gmt":"2024-05-07T08:07:49","guid":{"rendered":"https:\/\/www.leier.sk\/?p=2942"},"modified":"2024-05-07T10:09:23","modified_gmt":"2024-05-07T08:09:23","slug":"spolocnost-leier-otvorila-novu-betonaren-v-stajerskej-obci-kirchbach-at","status":"publish","type":"post","link":"https:\/\/www.leier.sk\/en\/blog\/spolocnost-leier-otvorila-novu-betonaren-v-stajerskej-obci-kirchbach-at\/","title":{"rendered":"Spolo\u010dnos\u0165 Leier otvorila nov\u00fa beton\u00e1re\u0148 v\u00a0\u0161tajerskej obci Kirchbach (AT)"},"content":{"rendered":"<p>Za pr\u00edtomnosti \u0161t\u00e1tnej radkyne MMag.Barbary Eibinger-Miedl, starostu obce Antona Pr\u00f6dla a \u010fal\u0161\u00edch \u010destn\u00fdch host\u00ed sa uskuto\u010dnilo v&nbsp;piatok, 26. apr\u00edla 2024 sl\u00e1vnostn\u00e9 otvorenie novej beton\u00e1rne Leier v obci Kirchbach.&nbsp;<\/p>\n\n\n\n<p>Na podujat\u00ed sa z\u00fa\u010dastnilo viac ako 300 host\u00ed, na ktor\u00fdch vidite\u013ene zap\u00f4sobil nov\u00fd v\u00fdrobn\u00fd z\u00e1vod s&nbsp;moderne vybaven\u00fdmi v\u00fdrobn\u00fdmi zariadeniami.&nbsp;<\/p>\n\n\n\n<p>Samotn\u00fd z\u00e1vod bol u\u017e v&nbsp;roku 2009 s\u00fa\u010das\u0165ou skupiny Leier. V roku 2021 padlo rozhodnutie zrekon\u0161truova\u0165 ho a z\u00e1rove\u0148 postavi\u0165 nov\u00fa v\u00fdrobn\u00fa halu s&nbsp;nov\u00fdmi v\u00fdrobn\u00fdmi zariadeniami.&nbsp;<\/p>\n\n\n\n<p>Cie\u013eom tohto z\u00e1vodu je vytvori\u0165 v&nbsp;tejto lokalite bezpe\u010dn\u00e9 pracovn\u00e9 prostredie pre zamestnancov, \u010falej roz\u0161\u00edri\u0165 rozmanitos\u0165 produktov a zlep\u0161i\u0165 kvalitu.&nbsp;<\/p>\n\n\n\n<p>Odk\u00fapili sa pri\u013eahl\u00e9 pozemky a&nbsp;v&nbsp;rekordne kr\u00e1tkom \u010dase sa postavil \u00faplne nov\u00fd z\u00e1vod. Ve\u013ek\u00fa \u010das\u0165 potrebnej energie n\u00e1m pokr\u00fdva fotovoltick\u00fd syst\u00e9m na streche haly. Hala je kryt\u00e1, pracovisk\u00e1 s\u00fa modern\u00e9 s&nbsp;najnov\u0161\u00edm technick\u00fdm vybaven\u00edm. Tovar sa prepravuje v\u00fdlu\u010dne elektrick\u00fdmi vysokozdvi\u017en\u00fdmi voz\u00edkmi. Rekon\u0161trukciou pre\u0161lo aj k\u00farenie, ktor\u00e9 teraz zabeze\u010duj\u00fa tepeln\u00e9 \u010derpadl\u00e1. Takto nevznikaj\u00fa \u017eiadne \u010fal\u0161ie emisie CO2 po\u010das v\u00fdroby a&nbsp;prev\u00e1dzky. Celkovo bolo investovan\u00fdch cca. 17 mili\u00f3nov eur.<\/p>\n\n\n\n<p>Pomocou modern\u00fdch v\u00fdrobn\u00fdch zariaden\u00ed sa v&nbsp;tomto v\u00fdrobnom z\u00e1vode bud\u00fa vyr\u00e1ba\u0165 produkty pre<\/p>\n\n\n\n<p>z\u00e1hradn\u00fa architekt\u00faru (dla\u017eby, platne, obrubn\u00edky, plotov\u00e9 prvky), ako aj bet\u00f3nov\u00e9 tvarovky pre stavbu budov (debniace tvarovky, bet\u00f3nov\u00e9 murovacie tvarovky), \u010falej produkty na infra\u0161trukt\u00faru a<\/p>\n\n\n\n<p>spevnenie povrchov (obrubn\u00edky, odvod\u0148ovacie \u017e\u013eaby, at\u010f.). Pr\u00e9miov\u00e9 produkty zna\u010dky Leier Kaiserstein bud\u00fa vyr\u00e1ban\u00e9 taktie\u017e v&nbsp;tomto z\u00e1vode.<\/p>\n\n\n\n<p>U\u017e v roku 1965 otvoril zakladate\u013e spolo\u010dnosti Michael Leier predaj\u0148u SPAR v\u00a0Horitschone, \u010d\u00edm polo\u017eil z\u00e1klady \u00faspe\u0161n\u00e9ho podnikania veden\u00e9ho rodinn\u00fdmi pr\u00edslu\u0161n\u00edkmi. Spolo\u010dnos\u0165 \u00faspe\u0161ne p\u00f4sob\u00ed v r\u00f4znych odvetviach na medzin\u00e1rodnej \u00farovni. Leier v Rak\u00fasku zamestn\u00e1va pribli\u017ene 300 \u013eud\u00ed. Skupina Leier p\u00f4sob\u00ed v\u00a07 krajin\u00e1ch strednej Eur\u00f3py (Rak\u00fasko, Ma\u010farsko, Po\u013esko, Rumunsko, Slovensko, Chorv\u00e1tsko a Ukrajina), kde zamestn\u00e1va pribli\u017ene 3 000 \u013eud\u00ed. Spolo\u010dnos\u0165 je 100% v rodinnom vlastn\u00edctve, ktor\u00fa vedie zakladate\u013e Michael Leier spolu so svojou dc\u00e9rou Michaelou a jeho vn\u00fa\u010datami Matthiasom a Thomasom Ebnerom.<\/p>\n\n\n\n<figure class=\"wp-block-image size-large\"><img loading=\"lazy\" decoding=\"async\" width=\"1600\" height=\"901\" src=\"https:\/\/www.leier.sk\/wp-content\/uploads\/2024\/05\/nova-betonaren-1-1600x901.webp\" alt=\"V\u00fdrobn\u00fd z\u00e1vod v Kirchbachu\" class=\"wp-image-2948\" srcset=\"https:\/\/www.leier.sk\/wp-content\/uploads\/2024\/05\/nova-betonaren-1-1600x901.webp 1600w, https:\/\/www.leier.sk\/wp-content\/uploads\/2024\/05\/nova-betonaren-1-1200x676.webp 1200w, https:\/\/www.leier.sk\/wp-content\/uploads\/2024\/05\/nova-betonaren-1-800x451.webp 800w, https:\/\/www.leier.sk\/wp-content\/uploads\/2024\/05\/nova-betonaren-1-768x433.webp 768w, https:\/\/www.leier.sk\/wp-content\/uploads\/2024\/05\/nova-betonaren-1-1536x865.webp 1536w, https:\/\/www.leier.sk\/wp-content\/uploads\/2024\/05\/nova-betonaren-1-2048x1154.webp 2048w, https:\/\/www.leier.sk\/wp-content\/uploads\/2024\/05\/nova-betonaren-1-18x10.webp 18w\" sizes=\"auto, (max-width: 1600px) 100vw, 1600px\" \/><figcaption class=\"wp-element-caption\">V\u00fdrobn\u00fd z\u00e1vod v Kirchbachu v novom \u0161ate.<\/figcaption><\/figure>\n\n\n\n<figure class=\"wp-block-image size-large\"><img loading=\"lazy\" decoding=\"async\" width=\"1600\" height=\"1064\" src=\"https:\/\/www.leier.sk\/wp-content\/uploads\/2024\/05\/nova-betonaren-2-1600x1064.webp\" alt=\"Akcion\u00e1ri\" class=\"wp-image-2947\" srcset=\"https:\/\/www.leier.sk\/wp-content\/uploads\/2024\/05\/nova-betonaren-2-1600x1064.webp 1600w, https:\/\/www.leier.sk\/wp-content\/uploads\/2024\/05\/nova-betonaren-2-1200x798.webp 1200w, https:\/\/www.leier.sk\/wp-content\/uploads\/2024\/05\/nova-betonaren-2-800x532.webp 800w, https:\/\/www.leier.sk\/wp-content\/uploads\/2024\/05\/nova-betonaren-2-768x511.webp 768w, https:\/\/www.leier.sk\/wp-content\/uploads\/2024\/05\/nova-betonaren-2-1536x1021.webp 1536w, https:\/\/www.leier.sk\/wp-content\/uploads\/2024\/05\/nova-betonaren-2-2048x1362.webp 2048w, https:\/\/www.leier.sk\/wp-content\/uploads\/2024\/05\/nova-betonaren-2-18x12.webp 18w\" sizes=\"auto, (max-width: 1600px) 100vw, 1600px\" \/><figcaption class=\"wp-element-caption\">Z\u013eava: akcion\u00e1ri Michaela Ebner, Matthias Ebner, KR Michael Leier (4. z\u013eava), Thomas Ebner, starosta obce Anton Pr\u00f6dl so svojou man\u017eelkou (3. z\u013eava), ved\u00faci z\u00e1vodu Stefan Schaden, predseda zdru\u017eenia podnikate\u013eov Franz Krisper<\/figcaption><\/figure>\n\n\n\n<figure class=\"wp-block-image size-large\"><img loading=\"lazy\" decoding=\"async\" width=\"1600\" height=\"1081\" src=\"https:\/\/www.leier.sk\/wp-content\/uploads\/2024\/05\/nova-betonaren-3a-1600x1081.webp\" alt=\"Rodina majite\u013ea\" class=\"wp-image-2949\" srcset=\"https:\/\/www.leier.sk\/wp-content\/uploads\/2024\/05\/nova-betonaren-3a-1600x1081.webp 1600w, https:\/\/www.leier.sk\/wp-content\/uploads\/2024\/05\/nova-betonaren-3a-1200x810.webp 1200w, https:\/\/www.leier.sk\/wp-content\/uploads\/2024\/05\/nova-betonaren-3a-800x540.webp 800w, https:\/\/www.leier.sk\/wp-content\/uploads\/2024\/05\/nova-betonaren-3a-768x519.webp 768w, https:\/\/www.leier.sk\/wp-content\/uploads\/2024\/05\/nova-betonaren-3a-1536x1037.webp 1536w, https:\/\/www.leier.sk\/wp-content\/uploads\/2024\/05\/nova-betonaren-3a-2048x1383.webp 2048w, https:\/\/www.leier.sk\/wp-content\/uploads\/2024\/05\/nova-betonaren-3a-18x12.webp 18w\" sizes=\"auto, (max-width: 1600px) 100vw, 1600px\" \/><figcaption class=\"wp-element-caption\">Rodina majite\u013ea: Michael Leier so svojou dc\u00e9rou &#8211; Michaelou Ebner a s jej oboma synmi &#8211;  Matthiasom\na Thomasom Ebnerom<\/figcaption><\/figure>\n\n\n\n<figure class=\"wp-block-image size-large\"><img loading=\"lazy\" decoding=\"async\" width=\"1600\" height=\"1063\" src=\"https:\/\/www.leier.sk\/wp-content\/uploads\/2024\/05\/nova-betonaren-4-1600x1063.webp\" alt=\"Strihanie p\u00e1sky\" class=\"wp-image-2945\" srcset=\"https:\/\/www.leier.sk\/wp-content\/uploads\/2024\/05\/nova-betonaren-4-1600x1063.webp 1600w, https:\/\/www.leier.sk\/wp-content\/uploads\/2024\/05\/nova-betonaren-4-1200x797.webp 1200w, https:\/\/www.leier.sk\/wp-content\/uploads\/2024\/05\/nova-betonaren-4-800x531.webp 800w, https:\/\/www.leier.sk\/wp-content\/uploads\/2024\/05\/nova-betonaren-4-768x510.webp 768w, https:\/\/www.leier.sk\/wp-content\/uploads\/2024\/05\/nova-betonaren-4-1536x1020.webp 1536w, https:\/\/www.leier.sk\/wp-content\/uploads\/2024\/05\/nova-betonaren-4-2048x1360.webp 2048w, https:\/\/www.leier.sk\/wp-content\/uploads\/2024\/05\/nova-betonaren-4-18x12.webp 18w\" sizes=\"auto, (max-width: 1600px) 100vw, 1600px\" \/><figcaption class=\"wp-element-caption\">Strihanie p\u00e1sky: duchovn\u00fd otec Mag. Christian Grabner, starosta obce Anton Pr\u00f6dl,<br>poslanky\u0148a rak\u00faskej N\u00e1rodnej rady MMag.a Dr. Agnes Totter, \u0161t\u00e1tna radky\u0148a MMag.a Barbara Eibinger-Miedl, zakladate\u013e spolo\u010dnosti KR Michael Leier, ved\u00faci z\u00e1vodu Stefan Schaden, spolo\u010dn\u00edk Thomas a Matthias Ebner<\/figcaption><\/figure>\n\n\n\n<figure class=\"wp-block-image size-large\"><img loading=\"lazy\" decoding=\"async\" width=\"1600\" height=\"1066\" src=\"https:\/\/www.leier.sk\/wp-content\/uploads\/2024\/05\/nova-betonaren-5-1600x1066.webp\" alt=\"Cel\u00fd t\u00edm novootvoren\u00e9ho v\u00fdrobn\u00e9ho z\u00e1vodu v Kirchbachu\" class=\"wp-image-2944\" srcset=\"https:\/\/www.leier.sk\/wp-content\/uploads\/2024\/05\/nova-betonaren-5-1600x1066.webp 1600w, https:\/\/www.leier.sk\/wp-content\/uploads\/2024\/05\/nova-betonaren-5-1200x799.webp 1200w, https:\/\/www.leier.sk\/wp-content\/uploads\/2024\/05\/nova-betonaren-5-800x533.webp 800w, https:\/\/www.leier.sk\/wp-content\/uploads\/2024\/05\/nova-betonaren-5-768x512.webp 768w, https:\/\/www.leier.sk\/wp-content\/uploads\/2024\/05\/nova-betonaren-5-1536x1023.webp 1536w, https:\/\/www.leier.sk\/wp-content\/uploads\/2024\/05\/nova-betonaren-5-2048x1364.webp 2048w, https:\/\/www.leier.sk\/wp-content\/uploads\/2024\/05\/nova-betonaren-5-18x12.webp 18w\" sizes=\"auto, (max-width: 1600px) 100vw, 1600px\" \/><figcaption class=\"wp-element-caption\">Cel\u00fd t\u00edm novootvoren\u00e9ho v\u00fdrobn\u00e9ho z\u00e1vodu v Kirchbachu<\/figcaption><\/figure>\n\n\n\n<figure class=\"wp-block-image size-large\"><img loading=\"lazy\" decoding=\"async\" width=\"1600\" height=\"1066\" src=\"https:\/\/www.leier.sk\/wp-content\/uploads\/2024\/05\/nova-betonaren-6-1600x1066.webp\" alt=\"\u0160t\u00e1tna radky\u0148a pri n\u00e1v\u0161teve v\u00fdrobnej haly\" class=\"wp-image-2943\" srcset=\"https:\/\/www.leier.sk\/wp-content\/uploads\/2024\/05\/nova-betonaren-6-1600x1066.webp 1600w, https:\/\/www.leier.sk\/wp-content\/uploads\/2024\/05\/nova-betonaren-6-1200x799.webp 1200w, https:\/\/www.leier.sk\/wp-content\/uploads\/2024\/05\/nova-betonaren-6-800x533.webp 800w, https:\/\/www.leier.sk\/wp-content\/uploads\/2024\/05\/nova-betonaren-6-768x512.webp 768w, https:\/\/www.leier.sk\/wp-content\/uploads\/2024\/05\/nova-betonaren-6-1536x1023.webp 1536w, https:\/\/www.leier.sk\/wp-content\/uploads\/2024\/05\/nova-betonaren-6-2048x1364.webp 2048w, https:\/\/www.leier.sk\/wp-content\/uploads\/2024\/05\/nova-betonaren-6-18x12.webp 18w\" sizes=\"auto, (max-width: 1600px) 100vw, 1600px\" \/><figcaption class=\"wp-element-caption\">\u0160t\u00e1tna radky\u0148a Barbara Eibinger-Miedl pri n\u00e1v\u0161teve v\u00fdrobnej haly spolu so zakladate\u013eom firmy &#8211; Michaelom Leierom a ved\u00facim z\u00e1vodu &#8211; Stefanom Schadenom<\/figcaption><\/figure>","protected":false},"excerpt":{"rendered":"<p>Za pr\u00edtomnosti \u0161t\u00e1tnej radkyne MMag.Barbary Eibinger-Miedl, starostu obce Antona Pr\u00f6dla a \u010fal\u0161\u00edch \u010destn\u00fdch host\u00ed sa uskuto\u010dnilo v&nbsp;piatok, 26. apr\u00edla 2024 sl\u00e1vnostn\u00e9 otvorenie novej beton\u00e1rne Leier v obci Kirchbach.&nbsp; Na podujat\u00ed sa z\u00fa\u010dastnilo viac ako 300 host\u00ed, na ktor\u00fdch vidite\u013ene zap\u00f4sobil nov\u00fd v\u00fdrobn\u00fd z\u00e1vod s&nbsp;moderne vybaven\u00fdmi v\u00fdrobn\u00fdmi zariadeniami.&nbsp; Samotn\u00fd z\u00e1vod bol u\u017e v&nbsp;roku 2009 s\u00fa\u010das\u0165ou skupiny [&hellip;]<\/p>\n","protected":false},"author":1,"featured_media":2948,"comment_status":"closed","ping_status":"closed","sticky":false,"template":"","format":"standard","meta":{"footnotes":""},"categories":[1],"tags":[],"class_list":["post-2942","post","type-post","status-publish","format-standard","has-post-thumbnail","hentry","category-blog"],"yoast_head":"<!-- This site is optimized with the Yoast SEO plugin v27.5 - https:\/\/yoast.com\/product\/yoast-seo-wordpress\/ -->\n<title>Spolo\u010dnos\u0165 Leier otvorila nov\u00fa beton\u00e1re\u0148 v\u00a0\u0161tajerskej obci Kirchbach (AT) | Leier.sk<\/title>\n<meta name=\"robots\" content=\"index, follow, max-snippet:-1, max-image-preview:large, max-video-preview:-1\" \/>\n<link rel=\"canonical\" href=\"https:\/\/www.leier.sk\/en\/blog\/spolocnost-leier-otvorila-novu-betonaren-v-stajerskej-obci-kirchbach-at\/\" \/>\n<meta property=\"og:locale\" content=\"en_GB\" \/>\n<meta property=\"og:type\" content=\"article\" \/>\n<meta property=\"og:title\" content=\"Spolo\u010dnos\u0165 Leier otvorila nov\u00fa beton\u00e1re\u0148 v\u00a0\u0161tajerskej obci Kirchbach (AT) | Leier.sk\" \/>\n<meta property=\"og:description\" content=\"Za pr\u00edtomnosti \u0161t\u00e1tnej radkyne MMag.Barbary Eibinger-Miedl, starostu obce Antona Pr\u00f6dla a \u010fal\u0161\u00edch \u010destn\u00fdch host\u00ed sa uskuto\u010dnilo v&nbsp;piatok, 26. apr\u00edla 2024 sl\u00e1vnostn\u00e9 otvorenie novej beton\u00e1rne Leier v obci Kirchbach.&nbsp; Na podujat\u00ed sa z\u00fa\u010dastnilo viac ako 300 host\u00ed, na ktor\u00fdch vidite\u013ene zap\u00f4sobil nov\u00fd v\u00fdrobn\u00fd z\u00e1vod s&nbsp;moderne vybaven\u00fdmi v\u00fdrobn\u00fdmi zariadeniami.&nbsp; Samotn\u00fd z\u00e1vod bol u\u017e v&nbsp;roku 2009 s\u00fa\u010das\u0165ou skupiny [&hellip;]\" \/>\n<meta property=\"og:url\" content=\"https:\/\/www.leier.sk\/en\/blog\/spolocnost-leier-otvorila-novu-betonaren-v-stajerskej-obci-kirchbach-at\/\" \/>\n<meta property=\"og:site_name\" content=\"Leier.sk\" \/>\n<meta property=\"article:publisher\" content=\"https:\/\/www.facebook.com\/LeierSlovakia\/\" \/>\n<meta property=\"article:published_time\" content=\"2024-05-07T08:07:49+00:00\" \/>\n<meta property=\"article:modified_time\" content=\"2024-05-07T08:09:23+00:00\" \/>\n<meta property=\"og:image\" content=\"https:\/\/www.leier.sk\/wp-content\/uploads\/2024\/05\/nova-betonaren-1.webp\" \/>\n\t<meta property=\"og:image:width\" content=\"2560\" \/>\n\t<meta property=\"og:image:height\" content=\"1442\" \/>\n\t<meta property=\"og:image:type\" content=\"image\/webp\" \/>\n<meta name=\"author\" content=\"Leier\" \/>\n<meta name=\"twitter:card\" content=\"summary_large_image\" \/>\n<meta name=\"twitter:label1\" content=\"Written by\" \/>\n\t<meta name=\"twitter:data1\" content=\"Leier\" \/>\n\t<meta name=\"twitter:label2\" content=\"Estimated reading time\" \/>\n\t<meta name=\"twitter:data2\" content=\"4 minutes\" \/>\n<script type=\"application\/ld+json\" class=\"yoast-schema-graph\">{\"@context\":\"https:\\\/\\\/schema.org\",\"@graph\":[{\"@type\":\"Article\",\"@id\":\"https:\\\/\\\/www.leier.sk\\\/blog\\\/spolocnost-leier-otvorila-novu-betonaren-v-stajerskej-obci-kirchbach-at\\\/#article\",\"isPartOf\":{\"@id\":\"https:\\\/\\\/www.leier.sk\\\/blog\\\/spolocnost-leier-otvorila-novu-betonaren-v-stajerskej-obci-kirchbach-at\\\/\"},\"author\":{\"name\":\"Leier\",\"@id\":\"https:\\\/\\\/www.leier.sk\\\/#\\\/schema\\\/person\\\/615b579e2d90c095f9ef1d794705d527\"},\"headline\":\"Spolo\u010dnos\u0165 Leier otvorila nov\u00fa beton\u00e1re\u0148 v\u00a0\u0161tajerskej obci Kirchbach (AT)\",\"datePublished\":\"2024-05-07T08:07:49+00:00\",\"dateModified\":\"2024-05-07T08:09:23+00:00\",\"mainEntityOfPage\":{\"@id\":\"https:\\\/\\\/www.leier.sk\\\/blog\\\/spolocnost-leier-otvorila-novu-betonaren-v-stajerskej-obci-kirchbach-at\\\/\"},\"wordCount\":590,\"publisher\":{\"@id\":\"https:\\\/\\\/www.leier.sk\\\/#organization\"},\"image\":{\"@id\":\"https:\\\/\\\/www.leier.sk\\\/blog\\\/spolocnost-leier-otvorila-novu-betonaren-v-stajerskej-obci-kirchbach-at\\\/#primaryimage\"},\"thumbnailUrl\":\"https:\\\/\\\/www.leier.sk\\\/wp-content\\\/uploads\\\/2024\\\/05\\\/nova-betonaren-1.webp\",\"articleSection\":[\"Blog\"],\"inLanguage\":\"en-GB\"},{\"@type\":\"WebPage\",\"@id\":\"https:\\\/\\\/www.leier.sk\\\/blog\\\/spolocnost-leier-otvorila-novu-betonaren-v-stajerskej-obci-kirchbach-at\\\/\",\"url\":\"https:\\\/\\\/www.leier.sk\\\/blog\\\/spolocnost-leier-otvorila-novu-betonaren-v-stajerskej-obci-kirchbach-at\\\/\",\"name\":\"Spolo\u010dnos\u0165 Leier otvorila nov\u00fa beton\u00e1re\u0148 v\u00a0\u0161tajerskej obci Kirchbach (AT) | Leier.sk\",\"isPartOf\":{\"@id\":\"https:\\\/\\\/www.leier.sk\\\/#website\"},\"primaryImageOfPage\":{\"@id\":\"https:\\\/\\\/www.leier.sk\\\/blog\\\/spolocnost-leier-otvorila-novu-betonaren-v-stajerskej-obci-kirchbach-at\\\/#primaryimage\"},\"image\":{\"@id\":\"https:\\\/\\\/www.leier.sk\\\/blog\\\/spolocnost-leier-otvorila-novu-betonaren-v-stajerskej-obci-kirchbach-at\\\/#primaryimage\"},\"thumbnailUrl\":\"https:\\\/\\\/www.leier.sk\\\/wp-content\\\/uploads\\\/2024\\\/05\\\/nova-betonaren-1.webp\",\"datePublished\":\"2024-05-07T08:07:49+00:00\",\"dateModified\":\"2024-05-07T08:09:23+00:00\",\"breadcrumb\":{\"@id\":\"https:\\\/\\\/www.leier.sk\\\/blog\\\/spolocnost-leier-otvorila-novu-betonaren-v-stajerskej-obci-kirchbach-at\\\/#breadcrumb\"},\"inLanguage\":\"en-GB\",\"potentialAction\":[{\"@type\":\"ReadAction\",\"target\":[\"https:\\\/\\\/www.leier.sk\\\/blog\\\/spolocnost-leier-otvorila-novu-betonaren-v-stajerskej-obci-kirchbach-at\\\/\"]}]},{\"@type\":\"ImageObject\",\"inLanguage\":\"en-GB\",\"@id\":\"https:\\\/\\\/www.leier.sk\\\/blog\\\/spolocnost-leier-otvorila-novu-betonaren-v-stajerskej-obci-kirchbach-at\\\/#primaryimage\",\"url\":\"https:\\\/\\\/www.leier.sk\\\/wp-content\\\/uploads\\\/2024\\\/05\\\/nova-betonaren-1.webp\",\"contentUrl\":\"https:\\\/\\\/www.leier.sk\\\/wp-content\\\/uploads\\\/2024\\\/05\\\/nova-betonaren-1.webp\",\"width\":2560,\"height\":1442,\"caption\":\"V\u00fdrobn\u00fd z\u00e1vod v Kirchbachu v novom \u0161ate.\"},{\"@type\":\"BreadcrumbList\",\"@id\":\"https:\\\/\\\/www.leier.sk\\\/blog\\\/spolocnost-leier-otvorila-novu-betonaren-v-stajerskej-obci-kirchbach-at\\\/#breadcrumb\",\"itemListElement\":[{\"@type\":\"ListItem\",\"position\":1,\"name\":\"Domov\",\"item\":\"https:\\\/\\\/www.leier.sk\\\/\"},{\"@type\":\"ListItem\",\"position\":2,\"name\":\"Spolo\u010dnos\u0165 Leier otvorila nov\u00fa beton\u00e1re\u0148 v\u00a0\u0161tajerskej obci Kirchbach (AT)\"}]},{\"@type\":\"WebSite\",\"@id\":\"https:\\\/\\\/www.leier.sk\\\/#website\",\"url\":\"https:\\\/\\\/www.leier.sk\\\/\",\"name\":\"Leier.sk\",\"description\":\"V materi\u00e1loch sme doma\",\"publisher\":{\"@id\":\"https:\\\/\\\/www.leier.sk\\\/#organization\"},\"potentialAction\":[{\"@type\":\"SearchAction\",\"target\":{\"@type\":\"EntryPoint\",\"urlTemplate\":\"https:\\\/\\\/www.leier.sk\\\/?s={search_term_string}\"},\"query-input\":{\"@type\":\"PropertyValueSpecification\",\"valueRequired\":true,\"valueName\":\"search_term_string\"}}],\"inLanguage\":\"en-GB\"},{\"@type\":\"Organization\",\"@id\":\"https:\\\/\\\/www.leier.sk\\\/#organization\",\"name\":\"Leier\",\"url\":\"https:\\\/\\\/www.leier.sk\\\/\",\"logo\":{\"@type\":\"ImageObject\",\"inLanguage\":\"en-GB\",\"@id\":\"https:\\\/\\\/www.leier.sk\\\/#\\\/schema\\\/logo\\\/image\\\/\",\"url\":\"https:\\\/\\\/www.leier.sk\\\/wp-content\\\/uploads\\\/2022\\\/02\\\/logo-leier-inverse.png\",\"contentUrl\":\"https:\\\/\\\/www.leier.sk\\\/wp-content\\\/uploads\\\/2022\\\/02\\\/logo-leier-inverse.png\",\"width\":582,\"height\":179,\"caption\":\"Leier\"},\"image\":{\"@id\":\"https:\\\/\\\/www.leier.sk\\\/#\\\/schema\\\/logo\\\/image\\\/\"},\"sameAs\":[\"https:\\\/\\\/www.facebook.com\\\/LeierSlovakia\\\/\",\"https:\\\/\\\/www.youtube.com\\\/channel\\\/UC56YB_Knhf5YvAJK_Bk-hYg\"]},{\"@type\":\"Person\",\"@id\":\"https:\\\/\\\/www.leier.sk\\\/#\\\/schema\\\/person\\\/615b579e2d90c095f9ef1d794705d527\",\"name\":\"Leier\",\"sameAs\":[\"https:\\\/\\\/www.leier.sk\"],\"url\":\"https:\\\/\\\/www.leier.sk\\\/en\\\/author\\\/leadmin\\\/\"}]}<\/script>\n<!-- \/ Yoast SEO plugin. -->","yoast_head_json":{"title":"Spolo\u010dnos\u0165 Leier otvorila nov\u00fa beton\u00e1re\u0148 v\u00a0\u0161tajerskej obci Kirchbach (AT) | Leier.sk","robots":{"index":"index","follow":"follow","max-snippet":"max-snippet:-1","max-image-preview":"max-image-preview:large","max-video-preview":"max-video-preview:-1"},"canonical":"https:\/\/www.leier.sk\/en\/blog\/spolocnost-leier-otvorila-novu-betonaren-v-stajerskej-obci-kirchbach-at\/","og_locale":"en_GB","og_type":"article","og_title":"Spolo\u010dnos\u0165 Leier otvorila nov\u00fa beton\u00e1re\u0148 v\u00a0\u0161tajerskej obci Kirchbach (AT) | Leier.sk","og_description":"Za pr\u00edtomnosti \u0161t\u00e1tnej radkyne MMag.Barbary Eibinger-Miedl, starostu obce Antona Pr\u00f6dla a \u010fal\u0161\u00edch \u010destn\u00fdch host\u00ed sa uskuto\u010dnilo v&nbsp;piatok, 26. apr\u00edla 2024 sl\u00e1vnostn\u00e9 otvorenie novej beton\u00e1rne Leier v obci Kirchbach.&nbsp; Na podujat\u00ed sa z\u00fa\u010dastnilo viac ako 300 host\u00ed, na ktor\u00fdch vidite\u013ene zap\u00f4sobil nov\u00fd v\u00fdrobn\u00fd z\u00e1vod s&nbsp;moderne vybaven\u00fdmi v\u00fdrobn\u00fdmi zariadeniami.&nbsp; Samotn\u00fd z\u00e1vod bol u\u017e v&nbsp;roku 2009 s\u00fa\u010das\u0165ou skupiny [&hellip;]","og_url":"https:\/\/www.leier.sk\/en\/blog\/spolocnost-leier-otvorila-novu-betonaren-v-stajerskej-obci-kirchbach-at\/","og_site_name":"Leier.sk","article_publisher":"https:\/\/www.facebook.com\/LeierSlovakia\/","article_published_time":"2024-05-07T08:07:49+00:00","article_modified_time":"2024-05-07T08:09:23+00:00","og_image":[{"width":2560,"height":1442,"url":"https:\/\/www.leier.sk\/wp-content\/uploads\/2024\/05\/nova-betonaren-1.webp","type":"image\/webp"}],"author":"Leier","twitter_card":"summary_large_image","twitter_misc":{"Written by":"Leier","Estimated reading time":"4 minutes"},"schema":{"@context":"https:\/\/schema.org","@graph":[{"@type":"Article","@id":"https:\/\/www.leier.sk\/blog\/spolocnost-leier-otvorila-novu-betonaren-v-stajerskej-obci-kirchbach-at\/#article","isPartOf":{"@id":"https:\/\/www.leier.sk\/blog\/spolocnost-leier-otvorila-novu-betonaren-v-stajerskej-obci-kirchbach-at\/"},"author":{"name":"Leier","@id":"https:\/\/www.leier.sk\/#\/schema\/person\/615b579e2d90c095f9ef1d794705d527"},"headline":"Spolo\u010dnos\u0165 Leier otvorila nov\u00fa beton\u00e1re\u0148 v\u00a0\u0161tajerskej obci Kirchbach (AT)","datePublished":"2024-05-07T08:07:49+00:00","dateModified":"2024-05-07T08:09:23+00:00","mainEntityOfPage":{"@id":"https:\/\/www.leier.sk\/blog\/spolocnost-leier-otvorila-novu-betonaren-v-stajerskej-obci-kirchbach-at\/"},"wordCount":590,"publisher":{"@id":"https:\/\/www.leier.sk\/#organization"},"image":{"@id":"https:\/\/www.leier.sk\/blog\/spolocnost-leier-otvorila-novu-betonaren-v-stajerskej-obci-kirchbach-at\/#primaryimage"},"thumbnailUrl":"https:\/\/www.leier.sk\/wp-content\/uploads\/2024\/05\/nova-betonaren-1.webp","articleSection":["Blog"],"inLanguage":"en-GB"},{"@type":"WebPage","@id":"https:\/\/www.leier.sk\/blog\/spolocnost-leier-otvorila-novu-betonaren-v-stajerskej-obci-kirchbach-at\/","url":"https:\/\/www.leier.sk\/blog\/spolocnost-leier-otvorila-novu-betonaren-v-stajerskej-obci-kirchbach-at\/","name":"Spolo\u010dnos\u0165 Leier otvorila nov\u00fa beton\u00e1re\u0148 v\u00a0\u0161tajerskej obci Kirchbach (AT) | Leier.sk","isPartOf":{"@id":"https:\/\/www.leier.sk\/#website"},"primaryImageOfPage":{"@id":"https:\/\/www.leier.sk\/blog\/spolocnost-leier-otvorila-novu-betonaren-v-stajerskej-obci-kirchbach-at\/#primaryimage"},"image":{"@id":"https:\/\/www.leier.sk\/blog\/spolocnost-leier-otvorila-novu-betonaren-v-stajerskej-obci-kirchbach-at\/#primaryimage"},"thumbnailUrl":"https:\/\/www.leier.sk\/wp-content\/uploads\/2024\/05\/nova-betonaren-1.webp","datePublished":"2024-05-07T08:07:49+00:00","dateModified":"2024-05-07T08:09:23+00:00","breadcrumb":{"@id":"https:\/\/www.leier.sk\/blog\/spolocnost-leier-otvorila-novu-betonaren-v-stajerskej-obci-kirchbach-at\/#breadcrumb"},"inLanguage":"en-GB","potentialAction":[{"@type":"ReadAction","target":["https:\/\/www.leier.sk\/blog\/spolocnost-leier-otvorila-novu-betonaren-v-stajerskej-obci-kirchbach-at\/"]}]},{"@type":"ImageObject","inLanguage":"en-GB","@id":"https:\/\/www.leier.sk\/blog\/spolocnost-leier-otvorila-novu-betonaren-v-stajerskej-obci-kirchbach-at\/#primaryimage","url":"https:\/\/www.leier.sk\/wp-content\/uploads\/2024\/05\/nova-betonaren-1.webp","contentUrl":"https:\/\/www.leier.sk\/wp-content\/uploads\/2024\/05\/nova-betonaren-1.webp","width":2560,"height":1442,"caption":"V\u00fdrobn\u00fd z\u00e1vod v Kirchbachu v novom \u0161ate."},{"@type":"BreadcrumbList","@id":"https:\/\/www.leier.sk\/blog\/spolocnost-leier-otvorila-novu-betonaren-v-stajerskej-obci-kirchbach-at\/#breadcrumb","itemListElement":[{"@type":"ListItem","position":1,"name":"Domov","item":"https:\/\/www.leier.sk\/"},{"@type":"ListItem","position":2,"name":"Spolo\u010dnos\u0165 Leier otvorila nov\u00fa beton\u00e1re\u0148 v\u00a0\u0161tajerskej obci Kirchbach (AT)"}]},{"@type":"WebSite","@id":"https:\/\/www.leier.sk\/#website","url":"https:\/\/www.leier.sk\/","name":"Leier.sk","description":"V materi\u00e1loch sme doma","publisher":{"@id":"https:\/\/www.leier.sk\/#organization"},"potentialAction":[{"@type":"SearchAction","target":{"@type":"EntryPoint","urlTemplate":"https:\/\/www.leier.sk\/?s={search_term_string}"},"query-input":{"@type":"PropertyValueSpecification","valueRequired":true,"valueName":"search_term_string"}}],"inLanguage":"en-GB"},{"@type":"Organization","@id":"https:\/\/www.leier.sk\/#organization","name":"Leier","url":"https:\/\/www.leier.sk\/","logo":{"@type":"ImageObject","inLanguage":"en-GB","@id":"https:\/\/www.leier.sk\/#\/schema\/logo\/image\/","url":"https:\/\/www.leier.sk\/wp-content\/uploads\/2022\/02\/logo-leier-inverse.png","contentUrl":"https:\/\/www.leier.sk\/wp-content\/uploads\/2022\/02\/logo-leier-inverse.png","width":582,"height":179,"caption":"Leier"},"image":{"@id":"https:\/\/www.leier.sk\/#\/schema\/logo\/image\/"},"sameAs":["https:\/\/www.facebook.com\/LeierSlovakia\/","https:\/\/www.youtube.com\/channel\/UC56YB_Knhf5YvAJK_Bk-hYg"]},{"@type":"Person","@id":"https:\/\/www.leier.sk\/#\/schema\/person\/615b579e2d90c095f9ef1d794705d527","name":"Leier","sameAs":["https:\/\/www.leier.sk"],"url":"https:\/\/www.leier.sk\/en\/author\/leadmin\/"}]}},"_links":{"self":[{"href":"https:\/\/www.leier.sk\/en\/wp-json\/wp\/v2\/posts\/2942","targetHints":{"allow":["GET"]}}],"collection":[{"href":"https:\/\/www.leier.sk\/en\/wp-json\/wp\/v2\/posts"}],"about":[{"href":"https:\/\/www.leier.sk\/en\/wp-json\/wp\/v2\/types\/post"}],"author":[{"embeddable":true,"href":"https:\/\/www.leier.sk\/en\/wp-json\/wp\/v2\/users\/1"}],"replies":[{"embeddable":true,"href":"https:\/\/www.leier.sk\/en\/wp-json\/wp\/v2\/comments?post=2942"}],"version-history":[{"count":3,"href":"https:\/\/www.leier.sk\/en\/wp-json\/wp\/v2\/posts\/2942\/revisions"}],"predecessor-version":[{"id":2952,"href":"https:\/\/www.leier.sk\/en\/wp-json\/wp\/v2\/posts\/2942\/revisions\/2952"}],"wp:featuredmedia":[{"embeddable":true,"href":"https:\/\/www.leier.sk\/en\/wp-json\/wp\/v2\/media\/2948"}],"wp:attachment":[{"href":"https:\/\/www.leier.sk\/en\/wp-json\/wp\/v2\/media?parent=2942"}],"wp:term":[{"taxonomy":"category","embeddable":true,"href":"https:\/\/www.leier.sk\/en\/wp-json\/wp\/v2\/categories?post=2942"},{"taxonomy":"post_tag","embeddable":true,"href":"https:\/\/www.leier.sk\/en\/wp-json\/wp\/v2\/tags?post=2942"}],"curies":[{"name":"wp","href":"https:\/\/api.w.org\/{rel}","templated":true}]}}