{"id":2565,"date":"2023-10-27T15:19:58","date_gmt":"2023-10-27T13:19:58","guid":{"rendered":"https:\/\/www.leier.sk\/?p=2565"},"modified":"2023-10-31T07:51:20","modified_gmt":"2023-10-31T06:51:20","slug":"leier-pomaha-domacnostiam-po-zemetraseni","status":"publish","type":"post","link":"https:\/\/www.leier.sk\/en\/blog\/leier-pomaha-domacnostiam-po-zemetraseni\/","title":{"rendered":"Leier pom\u00e1ha dom\u00e1cnostiam po zemetrasen\u00ed"},"content":{"rendered":"<p>V\u00fdchodn\u00e9 Slovensko postihla v predo\u0161l\u00fdch t\u00fd\u017ed\u0148och neo\u010dak\u00e1van\u00e1 rana pr\u00edrodou. Nieko\u013eko obc\u00ed a miest poc\u00edtilo <strong>historicky najsilnej\u0161ie zemetrasenie na \u00fazem\u00ed Slovenskej republiky s magnit\u00fadou 4,9. <\/strong>Erupcia s epicentrom v \u010eapalovciach, zanechala za sebou zna\u010dn\u00e9 \u0161kody na majetku dom\u00e1cich obyvate\u013eov. Po\u0161kodenie veden\u00ed, rozvodov, popadanie omietky, zr\u00fatenie kom\u00ednov \u010di naru\u0161enie statiky dom\u00e1cnost\u00ed. Hoci nedo\u0161lo k \u017eiadnej ujme na zdrav\u00ed, mnoh\u00ed obyvatelia bud\u00fa e\u0161te mesiace \u010deli\u0165 finan\u010dn\u00fdm probl\u00e9mom, ktor\u00e9 sp\u00f4sobila t\u00e1to katastrofa.<\/p>\n\n\n\n<p>Spolo\u010dnos\u0165 <a href=\"https:\/\/www.leier.sk\/en\/\"><strong>Leier Baustoffe SK<\/strong><\/a> sa \u010dasto zap\u00e1ja do charitat\u00edvnych projektov a pomoci seniorom, zdravotne znev\u00fdhodnen\u00fdm \u010di rodin\u00e1m postihnut\u00fdm pr\u00edrodn\u00fdm ne\u0161\u0165ast\u00edm. Obzvl\u00e1\u0161\u0165, ak vie pom\u00f4c\u0165 priamo stavebn\u00fdm materi\u00e1lom, ktor\u00fd sama vyr\u00e1ba. Leier z ve\u013ekej \u010dasti p\u00f4sob\u00ed pr\u00e1ve na v\u00fdchode krajiny v Petrovanoch, kde prev\u00e1dzkuje svoju tehel\u0148u a d\u00e1va pr\u00e1cu dom\u00e1cim obyvate\u013eom. O&nbsp;to viac si uvedomuje z\u00e1va\u017enos\u0165 vzniknutej situ\u00e1cie a n\u00e1sledkov v bl\u00edzkom okol\u00ed. V\u00fdrobca by r\u00e1d pomohol rodin\u00e1m, ktor\u00e9 toto ne\u0161\u0165astie postihlo, a tak <strong>pre v\u0161etky zemetrasen\u00edm zasiahnut\u00e9 dom\u00e1cnosti pripravil \u0161peci\u00e1lnu z\u013eavu na <\/strong><a href=\"https:\/\/www.leier.sk\/en\/produkty\/tehly-a-preklady\/\"><strong>tehly<\/strong><\/a><strong>, preklady a <\/strong><a href=\"https:\/\/www.leier.sk\/en\/produkty\/kominy\/\"><strong>kom\u00edny<\/strong><\/a><strong> zo sortimentu Leier.<\/strong> Sta\u010d\u00ed sa preuk\u00e1za\u0165 adresou bydliska spolu s fotkami z ne\u0161\u0165astia a z\u013eava bude ka\u017ed\u00e9mu automaticky zar\u00e1tan\u00e1 pri n\u00e1po\u010dte stavebn\u00e9ho materi\u00e1lu potrebn\u00e9ho na renov\u00e1ciu \u010di v\u00fdstavbu. Kontaktova\u0165 n\u00e1s m\u00f4\u017eete priamo na e-mailovej adrese <a href=\"mailto:radovan.hnat@leier.sk\"><strong><\/strong><\/a><strong><a class=\"\" href=\"mailto:radovan.hnat@leier.sk\">radovan.hnat@leier.sk<\/a><\/strong>.&nbsp;<\/p>\n\n\n\n<p>V\u0161etci pevne ver\u00edme, \u017ee negat\u00edvne n\u00e1sledky tohto ne\u0161\u0165astia bud\u00fa \u010do najsk\u00f4r odstr\u00e1nen\u00e9 a rodiny sa tak bud\u00fa m\u00f4c\u0165 vr\u00e1ti\u0165 sp\u00e4\u0165 do svojich domovov.&nbsp;<\/p>\n\n\n\n<h2 class=\"wp-block-heading has-text-align-left\">Kontakt:<\/h2>\n\n\n\n<p>Leier Baustoffe SK, s.r.o.<br>Tehel\u0148a Petrovany &#8211; Mo\u010darmany<br>Ing. Radovan Hnat<br>Tel :+421\u00a0911 917 285<br><a href=\"http:\/\/www.leier.sk\/en\/\">www.leier.sk<\/a><br><a href=\"mailto:leier@leier.sk\"><a class=\"\" href=\"mailto:leier@leier.sk\">leier@leier.sk<\/a><\/a><\/p>","protected":false},"excerpt":{"rendered":"<p>V\u00fdchodn\u00e9 Slovensko postihla v predo\u0161l\u00fdch t\u00fd\u017ed\u0148och neo\u010dak\u00e1van\u00e1 rana pr\u00edrodou. Nieko\u013eko obc\u00ed a miest poc\u00edtilo historicky najsilnej\u0161ie zemetrasenie na \u00fazem\u00ed Slovenskej republiky s magnit\u00fadou 4,9. Erupcia s epicentrom v \u010eapalovciach, zanechala za sebou zna\u010dn\u00e9 \u0161kody na majetku dom\u00e1cich obyvate\u013eov. Po\u0161kodenie veden\u00ed, rozvodov, popadanie omietky, zr\u00fatenie kom\u00ednov \u010di naru\u0161enie statiky dom\u00e1cnost\u00ed. Hoci nedo\u0161lo k \u017eiadnej ujme na [&hellip;]<\/p>\n","protected":false},"author":1,"featured_media":2564,"comment_status":"closed","ping_status":"closed","sticky":false,"template":"","format":"standard","meta":{"footnotes":""},"categories":[1],"tags":[],"class_list":["post-2565","post","type-post","status-publish","format-standard","has-post-thumbnail","hentry","category-blog"],"yoast_head":"<!-- This site is optimized with the Yoast SEO plugin v27.5 - https:\/\/yoast.com\/product\/yoast-seo-wordpress\/ -->\n<title>Leier pom\u00e1ha dom\u00e1cnostiam po zemetrasen\u00ed | Leier.sk<\/title>\n<meta name=\"robots\" content=\"index, follow, max-snippet:-1, max-image-preview:large, max-video-preview:-1\" \/>\n<link rel=\"canonical\" href=\"https:\/\/www.leier.sk\/en\/blog\/leier-pomaha-domacnostiam-po-zemetraseni\/\" \/>\n<meta property=\"og:locale\" content=\"en_GB\" \/>\n<meta property=\"og:type\" content=\"article\" \/>\n<meta property=\"og:title\" content=\"Leier pom\u00e1ha dom\u00e1cnostiam po zemetrasen\u00ed | Leier.sk\" \/>\n<meta property=\"og:description\" content=\"V\u00fdchodn\u00e9 Slovensko postihla v predo\u0161l\u00fdch t\u00fd\u017ed\u0148och neo\u010dak\u00e1van\u00e1 rana pr\u00edrodou. Nieko\u013eko obc\u00ed a miest poc\u00edtilo historicky najsilnej\u0161ie zemetrasenie na \u00fazem\u00ed Slovenskej republiky s magnit\u00fadou 4,9. Erupcia s epicentrom v \u010eapalovciach, zanechala za sebou zna\u010dn\u00e9 \u0161kody na majetku dom\u00e1cich obyvate\u013eov. Po\u0161kodenie veden\u00ed, rozvodov, popadanie omietky, zr\u00fatenie kom\u00ednov \u010di naru\u0161enie statiky dom\u00e1cnost\u00ed. Hoci nedo\u0161lo k \u017eiadnej ujme na [&hellip;]\" \/>\n<meta property=\"og:url\" content=\"https:\/\/www.leier.sk\/en\/blog\/leier-pomaha-domacnostiam-po-zemetraseni\/\" \/>\n<meta property=\"og:site_name\" content=\"Leier.sk\" \/>\n<meta property=\"article:publisher\" content=\"https:\/\/www.facebook.com\/LeierSlovakia\/\" \/>\n<meta property=\"article:published_time\" content=\"2023-10-27T13:19:58+00:00\" \/>\n<meta property=\"article:modified_time\" content=\"2023-10-31T06:51:20+00:00\" \/>\n<meta property=\"og:image\" content=\"https:\/\/www.leier.sk\/wp-content\/uploads\/2023\/10\/zemetrasenie-blog.webp\" \/>\n\t<meta property=\"og:image:width\" content=\"1920\" \/>\n\t<meta property=\"og:image:height\" content=\"1080\" \/>\n\t<meta property=\"og:image:type\" content=\"image\/webp\" \/>\n<meta name=\"author\" content=\"Leier\" \/>\n<meta name=\"twitter:card\" content=\"summary_large_image\" \/>\n<meta name=\"twitter:label1\" content=\"Written by\" \/>\n\t<meta name=\"twitter:data1\" content=\"Leier\" \/>\n\t<meta name=\"twitter:label2\" content=\"Estimated reading time\" \/>\n\t<meta name=\"twitter:data2\" content=\"2 minutes\" \/>\n<script type=\"application\/ld+json\" class=\"yoast-schema-graph\">{\"@context\":\"https:\\\/\\\/schema.org\",\"@graph\":[{\"@type\":\"Article\",\"@id\":\"https:\\\/\\\/www.leier.sk\\\/blog\\\/leier-pomaha-domacnostiam-po-zemetraseni\\\/#article\",\"isPartOf\":{\"@id\":\"https:\\\/\\\/www.leier.sk\\\/blog\\\/leier-pomaha-domacnostiam-po-zemetraseni\\\/\"},\"author\":{\"name\":\"Leier\",\"@id\":\"https:\\\/\\\/www.leier.sk\\\/#\\\/schema\\\/person\\\/615b579e2d90c095f9ef1d794705d527\"},\"headline\":\"Leier pom\u00e1ha dom\u00e1cnostiam po zemetrasen\u00ed\",\"datePublished\":\"2023-10-27T13:19:58+00:00\",\"dateModified\":\"2023-10-31T06:51:20+00:00\",\"mainEntityOfPage\":{\"@id\":\"https:\\\/\\\/www.leier.sk\\\/blog\\\/leier-pomaha-domacnostiam-po-zemetraseni\\\/\"},\"wordCount\":338,\"publisher\":{\"@id\":\"https:\\\/\\\/www.leier.sk\\\/#organization\"},\"image\":{\"@id\":\"https:\\\/\\\/www.leier.sk\\\/blog\\\/leier-pomaha-domacnostiam-po-zemetraseni\\\/#primaryimage\"},\"thumbnailUrl\":\"https:\\\/\\\/www.leier.sk\\\/wp-content\\\/uploads\\\/2023\\\/10\\\/zemetrasenie-blog.webp\",\"articleSection\":[\"Blog\"],\"inLanguage\":\"en-GB\"},{\"@type\":\"WebPage\",\"@id\":\"https:\\\/\\\/www.leier.sk\\\/blog\\\/leier-pomaha-domacnostiam-po-zemetraseni\\\/\",\"url\":\"https:\\\/\\\/www.leier.sk\\\/blog\\\/leier-pomaha-domacnostiam-po-zemetraseni\\\/\",\"name\":\"Leier pom\u00e1ha dom\u00e1cnostiam po zemetrasen\u00ed | Leier.sk\",\"isPartOf\":{\"@id\":\"https:\\\/\\\/www.leier.sk\\\/#website\"},\"primaryImageOfPage\":{\"@id\":\"https:\\\/\\\/www.leier.sk\\\/blog\\\/leier-pomaha-domacnostiam-po-zemetraseni\\\/#primaryimage\"},\"image\":{\"@id\":\"https:\\\/\\\/www.leier.sk\\\/blog\\\/leier-pomaha-domacnostiam-po-zemetraseni\\\/#primaryimage\"},\"thumbnailUrl\":\"https:\\\/\\\/www.leier.sk\\\/wp-content\\\/uploads\\\/2023\\\/10\\\/zemetrasenie-blog.webp\",\"datePublished\":\"2023-10-27T13:19:58+00:00\",\"dateModified\":\"2023-10-31T06:51:20+00:00\",\"breadcrumb\":{\"@id\":\"https:\\\/\\\/www.leier.sk\\\/blog\\\/leier-pomaha-domacnostiam-po-zemetraseni\\\/#breadcrumb\"},\"inLanguage\":\"en-GB\",\"potentialAction\":[{\"@type\":\"ReadAction\",\"target\":[\"https:\\\/\\\/www.leier.sk\\\/blog\\\/leier-pomaha-domacnostiam-po-zemetraseni\\\/\"]}]},{\"@type\":\"ImageObject\",\"inLanguage\":\"en-GB\",\"@id\":\"https:\\\/\\\/www.leier.sk\\\/blog\\\/leier-pomaha-domacnostiam-po-zemetraseni\\\/#primaryimage\",\"url\":\"https:\\\/\\\/www.leier.sk\\\/wp-content\\\/uploads\\\/2023\\\/10\\\/zemetrasenie-blog.webp\",\"contentUrl\":\"https:\\\/\\\/www.leier.sk\\\/wp-content\\\/uploads\\\/2023\\\/10\\\/zemetrasenie-blog.webp\",\"width\":1920,\"height\":1080,\"caption\":\"Leier pom\u00e1ha dom\u00e1cnostiam po zemetrasen\u00ed\"},{\"@type\":\"BreadcrumbList\",\"@id\":\"https:\\\/\\\/www.leier.sk\\\/blog\\\/leier-pomaha-domacnostiam-po-zemetraseni\\\/#breadcrumb\",\"itemListElement\":[{\"@type\":\"ListItem\",\"position\":1,\"name\":\"Domov\",\"item\":\"https:\\\/\\\/www.leier.sk\\\/\"},{\"@type\":\"ListItem\",\"position\":2,\"name\":\"Leier pom\u00e1ha dom\u00e1cnostiam po zemetrasen\u00ed\"}]},{\"@type\":\"WebSite\",\"@id\":\"https:\\\/\\\/www.leier.sk\\\/#website\",\"url\":\"https:\\\/\\\/www.leier.sk\\\/\",\"name\":\"Leier.sk\",\"description\":\"V materi\u00e1loch sme doma\",\"publisher\":{\"@id\":\"https:\\\/\\\/www.leier.sk\\\/#organization\"},\"potentialAction\":[{\"@type\":\"SearchAction\",\"target\":{\"@type\":\"EntryPoint\",\"urlTemplate\":\"https:\\\/\\\/www.leier.sk\\\/?s={search_term_string}\"},\"query-input\":{\"@type\":\"PropertyValueSpecification\",\"valueRequired\":true,\"valueName\":\"search_term_string\"}}],\"inLanguage\":\"en-GB\"},{\"@type\":\"Organization\",\"@id\":\"https:\\\/\\\/www.leier.sk\\\/#organization\",\"name\":\"Leier\",\"url\":\"https:\\\/\\\/www.leier.sk\\\/\",\"logo\":{\"@type\":\"ImageObject\",\"inLanguage\":\"en-GB\",\"@id\":\"https:\\\/\\\/www.leier.sk\\\/#\\\/schema\\\/logo\\\/image\\\/\",\"url\":\"https:\\\/\\\/www.leier.sk\\\/wp-content\\\/uploads\\\/2022\\\/02\\\/logo-leier-inverse.png\",\"contentUrl\":\"https:\\\/\\\/www.leier.sk\\\/wp-content\\\/uploads\\\/2022\\\/02\\\/logo-leier-inverse.png\",\"width\":582,\"height\":179,\"caption\":\"Leier\"},\"image\":{\"@id\":\"https:\\\/\\\/www.leier.sk\\\/#\\\/schema\\\/logo\\\/image\\\/\"},\"sameAs\":[\"https:\\\/\\\/www.facebook.com\\\/LeierSlovakia\\\/\",\"https:\\\/\\\/www.youtube.com\\\/channel\\\/UC56YB_Knhf5YvAJK_Bk-hYg\"]},{\"@type\":\"Person\",\"@id\":\"https:\\\/\\\/www.leier.sk\\\/#\\\/schema\\\/person\\\/615b579e2d90c095f9ef1d794705d527\",\"name\":\"Leier\",\"sameAs\":[\"https:\\\/\\\/www.leier.sk\"],\"url\":\"https:\\\/\\\/www.leier.sk\\\/en\\\/author\\\/leadmin\\\/\"}]}<\/script>\n<!-- \/ Yoast SEO plugin. -->","yoast_head_json":{"title":"Leier pom\u00e1ha dom\u00e1cnostiam po zemetrasen\u00ed | Leier.sk","robots":{"index":"index","follow":"follow","max-snippet":"max-snippet:-1","max-image-preview":"max-image-preview:large","max-video-preview":"max-video-preview:-1"},"canonical":"https:\/\/www.leier.sk\/en\/blog\/leier-pomaha-domacnostiam-po-zemetraseni\/","og_locale":"en_GB","og_type":"article","og_title":"Leier pom\u00e1ha dom\u00e1cnostiam po zemetrasen\u00ed | Leier.sk","og_description":"V\u00fdchodn\u00e9 Slovensko postihla v predo\u0161l\u00fdch t\u00fd\u017ed\u0148och neo\u010dak\u00e1van\u00e1 rana pr\u00edrodou. Nieko\u013eko obc\u00ed a miest poc\u00edtilo historicky najsilnej\u0161ie zemetrasenie na \u00fazem\u00ed Slovenskej republiky s magnit\u00fadou 4,9. Erupcia s epicentrom v \u010eapalovciach, zanechala za sebou zna\u010dn\u00e9 \u0161kody na majetku dom\u00e1cich obyvate\u013eov. Po\u0161kodenie veden\u00ed, rozvodov, popadanie omietky, zr\u00fatenie kom\u00ednov \u010di naru\u0161enie statiky dom\u00e1cnost\u00ed. Hoci nedo\u0161lo k \u017eiadnej ujme na [&hellip;]","og_url":"https:\/\/www.leier.sk\/en\/blog\/leier-pomaha-domacnostiam-po-zemetraseni\/","og_site_name":"Leier.sk","article_publisher":"https:\/\/www.facebook.com\/LeierSlovakia\/","article_published_time":"2023-10-27T13:19:58+00:00","article_modified_time":"2023-10-31T06:51:20+00:00","og_image":[{"width":1920,"height":1080,"url":"https:\/\/www.leier.sk\/wp-content\/uploads\/2023\/10\/zemetrasenie-blog.webp","type":"image\/webp"}],"author":"Leier","twitter_card":"summary_large_image","twitter_misc":{"Written by":"Leier","Estimated reading time":"2 minutes"},"schema":{"@context":"https:\/\/schema.org","@graph":[{"@type":"Article","@id":"https:\/\/www.leier.sk\/blog\/leier-pomaha-domacnostiam-po-zemetraseni\/#article","isPartOf":{"@id":"https:\/\/www.leier.sk\/blog\/leier-pomaha-domacnostiam-po-zemetraseni\/"},"author":{"name":"Leier","@id":"https:\/\/www.leier.sk\/#\/schema\/person\/615b579e2d90c095f9ef1d794705d527"},"headline":"Leier pom\u00e1ha dom\u00e1cnostiam po zemetrasen\u00ed","datePublished":"2023-10-27T13:19:58+00:00","dateModified":"2023-10-31T06:51:20+00:00","mainEntityOfPage":{"@id":"https:\/\/www.leier.sk\/blog\/leier-pomaha-domacnostiam-po-zemetraseni\/"},"wordCount":338,"publisher":{"@id":"https:\/\/www.leier.sk\/#organization"},"image":{"@id":"https:\/\/www.leier.sk\/blog\/leier-pomaha-domacnostiam-po-zemetraseni\/#primaryimage"},"thumbnailUrl":"https:\/\/www.leier.sk\/wp-content\/uploads\/2023\/10\/zemetrasenie-blog.webp","articleSection":["Blog"],"inLanguage":"en-GB"},{"@type":"WebPage","@id":"https:\/\/www.leier.sk\/blog\/leier-pomaha-domacnostiam-po-zemetraseni\/","url":"https:\/\/www.leier.sk\/blog\/leier-pomaha-domacnostiam-po-zemetraseni\/","name":"Leier pom\u00e1ha dom\u00e1cnostiam po zemetrasen\u00ed | Leier.sk","isPartOf":{"@id":"https:\/\/www.leier.sk\/#website"},"primaryImageOfPage":{"@id":"https:\/\/www.leier.sk\/blog\/leier-pomaha-domacnostiam-po-zemetraseni\/#primaryimage"},"image":{"@id":"https:\/\/www.leier.sk\/blog\/leier-pomaha-domacnostiam-po-zemetraseni\/#primaryimage"},"thumbnailUrl":"https:\/\/www.leier.sk\/wp-content\/uploads\/2023\/10\/zemetrasenie-blog.webp","datePublished":"2023-10-27T13:19:58+00:00","dateModified":"2023-10-31T06:51:20+00:00","breadcrumb":{"@id":"https:\/\/www.leier.sk\/blog\/leier-pomaha-domacnostiam-po-zemetraseni\/#breadcrumb"},"inLanguage":"en-GB","potentialAction":[{"@type":"ReadAction","target":["https:\/\/www.leier.sk\/blog\/leier-pomaha-domacnostiam-po-zemetraseni\/"]}]},{"@type":"ImageObject","inLanguage":"en-GB","@id":"https:\/\/www.leier.sk\/blog\/leier-pomaha-domacnostiam-po-zemetraseni\/#primaryimage","url":"https:\/\/www.leier.sk\/wp-content\/uploads\/2023\/10\/zemetrasenie-blog.webp","contentUrl":"https:\/\/www.leier.sk\/wp-content\/uploads\/2023\/10\/zemetrasenie-blog.webp","width":1920,"height":1080,"caption":"Leier pom\u00e1ha dom\u00e1cnostiam po zemetrasen\u00ed"},{"@type":"BreadcrumbList","@id":"https:\/\/www.leier.sk\/blog\/leier-pomaha-domacnostiam-po-zemetraseni\/#breadcrumb","itemListElement":[{"@type":"ListItem","position":1,"name":"Domov","item":"https:\/\/www.leier.sk\/"},{"@type":"ListItem","position":2,"name":"Leier pom\u00e1ha dom\u00e1cnostiam po zemetrasen\u00ed"}]},{"@type":"WebSite","@id":"https:\/\/www.leier.sk\/#website","url":"https:\/\/www.leier.sk\/","name":"Leier.sk","description":"V materi\u00e1loch sme doma","publisher":{"@id":"https:\/\/www.leier.sk\/#organization"},"potentialAction":[{"@type":"SearchAction","target":{"@type":"EntryPoint","urlTemplate":"https:\/\/www.leier.sk\/?s={search_term_string}"},"query-input":{"@type":"PropertyValueSpecification","valueRequired":true,"valueName":"search_term_string"}}],"inLanguage":"en-GB"},{"@type":"Organization","@id":"https:\/\/www.leier.sk\/#organization","name":"Leier","url":"https:\/\/www.leier.sk\/","logo":{"@type":"ImageObject","inLanguage":"en-GB","@id":"https:\/\/www.leier.sk\/#\/schema\/logo\/image\/","url":"https:\/\/www.leier.sk\/wp-content\/uploads\/2022\/02\/logo-leier-inverse.png","contentUrl":"https:\/\/www.leier.sk\/wp-content\/uploads\/2022\/02\/logo-leier-inverse.png","width":582,"height":179,"caption":"Leier"},"image":{"@id":"https:\/\/www.leier.sk\/#\/schema\/logo\/image\/"},"sameAs":["https:\/\/www.facebook.com\/LeierSlovakia\/","https:\/\/www.youtube.com\/channel\/UC56YB_Knhf5YvAJK_Bk-hYg"]},{"@type":"Person","@id":"https:\/\/www.leier.sk\/#\/schema\/person\/615b579e2d90c095f9ef1d794705d527","name":"Leier","sameAs":["https:\/\/www.leier.sk"],"url":"https:\/\/www.leier.sk\/en\/author\/leadmin\/"}]}},"_links":{"self":[{"href":"https:\/\/www.leier.sk\/en\/wp-json\/wp\/v2\/posts\/2565","targetHints":{"allow":["GET"]}}],"collection":[{"href":"https:\/\/www.leier.sk\/en\/wp-json\/wp\/v2\/posts"}],"about":[{"href":"https:\/\/www.leier.sk\/en\/wp-json\/wp\/v2\/types\/post"}],"author":[{"embeddable":true,"href":"https:\/\/www.leier.sk\/en\/wp-json\/wp\/v2\/users\/1"}],"replies":[{"embeddable":true,"href":"https:\/\/www.leier.sk\/en\/wp-json\/wp\/v2\/comments?post=2565"}],"version-history":[{"count":5,"href":"https:\/\/www.leier.sk\/en\/wp-json\/wp\/v2\/posts\/2565\/revisions"}],"predecessor-version":[{"id":2570,"href":"https:\/\/www.leier.sk\/en\/wp-json\/wp\/v2\/posts\/2565\/revisions\/2570"}],"wp:featuredmedia":[{"embeddable":true,"href":"https:\/\/www.leier.sk\/en\/wp-json\/wp\/v2\/media\/2564"}],"wp:attachment":[{"href":"https:\/\/www.leier.sk\/en\/wp-json\/wp\/v2\/media?parent=2565"}],"wp:term":[{"taxonomy":"category","embeddable":true,"href":"https:\/\/www.leier.sk\/en\/wp-json\/wp\/v2\/categories?post=2565"},{"taxonomy":"post_tag","embeddable":true,"href":"https:\/\/www.leier.sk\/en\/wp-json\/wp\/v2\/tags?post=2565"}],"curies":[{"name":"wp","href":"https:\/\/api.w.org\/{rel}","templated":true}]}}