{"id":2514,"date":"2023-08-30T09:56:22","date_gmt":"2023-08-30T07:56:22","guid":{"rendered":"https:\/\/www.leier.sk\/?p=2514"},"modified":"2023-08-30T09:56:23","modified_gmt":"2023-08-30T07:56:23","slug":"sme-hrdym-partnerom-prvej-slovenskej-charitativnej-aplikacie","status":"publish","type":"post","link":"https:\/\/www.leier.sk\/en\/blog\/sme-hrdym-partnerom-prvej-slovenskej-charitativnej-aplikacie\/","title":{"rendered":"Sme hrd\u00fdm partnerom prvej slovenskej charitat\u00edvnej aplik\u00e1cie"},"content":{"rendered":"<p>Ako v\u00fdrobca stavebn\u00fdch materi\u00e1lov pon\u00fakame \u0161irok\u00fd sortiment kvalitn\u00fdch produktov pre ka\u017ed\u00fa f\u00e1zu v\u00fdstavby. Od in\u017einierskych siet\u00ed, cez materi\u00e1ly pre hrub\u00fa stavbu a\u017e po z\u00e1hradn\u00e9 v\u00fdrobky k dotvoreniu okolia domu a skr\u00e1\u0161leniu z\u00e1hrad. Okrem toho sa radi z\u00fa\u010dast\u0148ujeme aj na projektoch, ktor\u00e9 sa zaoberaj\u00fa dobro\u010dinnos\u0165ou, ekologick\u00fdm vzdel\u00e1van\u00edm \u010di pomocou pre deti i seniorov. Najnov\u0161ie sme sa stali partnerom ve\u013emi inovat\u00edvnej a modernej aplik\u00e1cie, ktor\u00e1 nesie n\u00e1zov APPkA. Neoslovila n\u00e1s len samotn\u00e1 charitat\u00edvna my\u0161lienka, ale aj sp\u00f4sob jej prevedenia. Sami aplikujeme inov\u00e1cie pri v\u00fdrobe stavebn\u00fdch materi\u00e1lov a podporujeme r\u00f4zne technologick\u00e9 zlep\u0161enia, ktor\u00e9 n\u00e1s pos\u00favaj\u00fa dopredu. Invest\u00edcie do inov\u00e1ci\u00ed n\u00e1m preto nie s\u00fa cudzie a radi podpor\u00edme projekt, ktor\u00fd takto prep\u00e1ja obe tieto odvetvia &#8211; charitu aj technol\u00f3giu.<\/p>\n\n\n\n<p>Podstatou tejto aplik\u00e1cie je premena vynalo\u017eenej energie pri akejko\u013evek aktivite na finan\u010dn\u00fa pomoc pre zdravotne znev\u00fdhodnen\u00fdch. V\u010faka nej u\u017e ani jedna sp\u00e1len\u00e1 kal\u00f3ria nevyjde navnivo\u010d. V aplik\u00e1cii sa nach\u00e1dza nieko\u013eko pr\u00edbehov \u013eud\u00ed so zdravotn\u00fdm postihnut\u00edm, a u\u017e\u00edvatelia sa sami m\u00f4\u017eu rozhodn\u00fa\u0165, komu t\u00fato energiu daruj\u00fa.<\/p>\n\n\n\n<p>V r\u00e1mci spolupr\u00e1ce s aplik\u00e1ciou sme sa aj my pris\u013e\u00fabili finan\u010dne pom\u00f4c\u0165 vybran\u00e9mu pr\u00edbehu zdravotne znev\u00fdhodnenej osoby &#8211; konkr\u00e9tne Andrejovi Kubincovi. Andrejko zo Senca m\u00e1 diagnostikovan\u00fd CTP hypotonick\u00fd syndr\u00f3m. U\u017e od \u00fatleho detstva preto potrebuje neust\u00e1le cvi\u010di\u0165 a rehabilitova\u0165. Spr\u00e1vne dr\u017eanie tela sa sna\u017e\u00ed docieli\u0165 aj prostredn\u00edctvom lie\u010debnej gymnastiky \u010di kurzu spolo\u010densk\u00fdch tancov. Jeho cie\u013eom s\u00fa \u010fal\u0161ie odborn\u00e9 rehabilit\u00e1cie, ktor\u00e9 mu ve\u013emi pom\u00e1haj\u00fa. Po\u010das nasleduj\u00facich dn\u00ed maj\u00fa \u013eudia pou\u017e\u00edvaj\u00faci aplik\u00e1ciu APPkA mo\u017enos\u0165 darova\u0165 svoje sp\u00e1len\u00e9 kal\u00f3rie pr\u00e1ve Andrejkovi. Po naplnen\u00ed cie\u013eovej sumy 40 000 000 kCal, prispejeme jeho pr\u00edbehu finan\u010dnou \u010diastkou na zabezpe\u010denie potrebn\u00fdch rehabilit\u00e1ci\u00ed pre zlep\u0161enie jeho zdravotn\u00e9ho stavu.<\/p>\n\n\n\n<p>Andrejkovi n\u00e1m teraz ost\u00e1va u\u017e len dr\u017ea\u0165 palce. Mo\u017eno aj z neho raz vyrastie jeden nad\u0161en\u00fd stavb\u00e1r, ktor\u00fd si bude chcie\u0165 postavi\u0165 svoj vysn\u00edvan\u00fd domov. Preto aj v\u00e1s vyz\u00fdvame, aby ste si t\u00fato aplik\u00e1ciu \u010do najsk\u00f4r stiahli a za\u010dali \u010do najsk\u00f4r pom\u00e1ha\u0165 s nami.&nbsp;<\/p>","protected":false},"excerpt":{"rendered":"<p>Ako v\u00fdrobca stavebn\u00fdch materi\u00e1lov pon\u00fakame \u0161irok\u00fd sortiment kvalitn\u00fdch produktov pre ka\u017ed\u00fa f\u00e1zu v\u00fdstavby. Od in\u017einierskych siet\u00ed, cez materi\u00e1ly pre hrub\u00fa stavbu a\u017e po z\u00e1hradn\u00e9 v\u00fdrobky k dotvoreniu okolia domu a skr\u00e1\u0161leniu z\u00e1hrad. Okrem toho sa radi z\u00fa\u010dast\u0148ujeme aj na projektoch, ktor\u00e9 sa zaoberaj\u00fa dobro\u010dinnos\u0165ou, ekologick\u00fdm vzdel\u00e1van\u00edm \u010di pomocou pre deti i seniorov. Najnov\u0161ie sme sa [&hellip;]<\/p>\n","protected":false},"author":1,"featured_media":2513,"comment_status":"closed","ping_status":"closed","sticky":false,"template":"","format":"standard","meta":{"footnotes":""},"categories":[1],"tags":[],"class_list":["post-2514","post","type-post","status-publish","format-standard","has-post-thumbnail","hentry","category-blog"],"yoast_head":"<!-- This site is optimized with the Yoast SEO plugin v27.5 - https:\/\/yoast.com\/product\/yoast-seo-wordpress\/ -->\n<title>Sme hrd\u00fdm partnerom prvej slovenskej charitat\u00edvnej aplik\u00e1cie | Leier.sk<\/title>\n<meta name=\"robots\" content=\"index, follow, max-snippet:-1, max-image-preview:large, max-video-preview:-1\" \/>\n<link rel=\"canonical\" href=\"https:\/\/www.leier.sk\/en\/blog\/sme-hrdym-partnerom-prvej-slovenskej-charitativnej-aplikacie\/\" \/>\n<meta property=\"og:locale\" content=\"en_GB\" \/>\n<meta property=\"og:type\" content=\"article\" \/>\n<meta property=\"og:title\" content=\"Sme hrd\u00fdm partnerom prvej slovenskej charitat\u00edvnej aplik\u00e1cie | Leier.sk\" \/>\n<meta property=\"og:description\" content=\"Ako v\u00fdrobca stavebn\u00fdch materi\u00e1lov pon\u00fakame \u0161irok\u00fd sortiment kvalitn\u00fdch produktov pre ka\u017ed\u00fa f\u00e1zu v\u00fdstavby. Od in\u017einierskych siet\u00ed, cez materi\u00e1ly pre hrub\u00fa stavbu a\u017e po z\u00e1hradn\u00e9 v\u00fdrobky k dotvoreniu okolia domu a skr\u00e1\u0161leniu z\u00e1hrad. Okrem toho sa radi z\u00fa\u010dast\u0148ujeme aj na projektoch, ktor\u00e9 sa zaoberaj\u00fa dobro\u010dinnos\u0165ou, ekologick\u00fdm vzdel\u00e1van\u00edm \u010di pomocou pre deti i seniorov. Najnov\u0161ie sme sa [&hellip;]\" \/>\n<meta property=\"og:url\" content=\"https:\/\/www.leier.sk\/en\/blog\/sme-hrdym-partnerom-prvej-slovenskej-charitativnej-aplikacie\/\" \/>\n<meta property=\"og:site_name\" content=\"Leier.sk\" \/>\n<meta property=\"article:publisher\" content=\"https:\/\/www.facebook.com\/LeierSlovakia\/\" \/>\n<meta property=\"article:published_time\" content=\"2023-08-30T07:56:22+00:00\" \/>\n<meta property=\"article:modified_time\" content=\"2023-08-30T07:56:23+00:00\" \/>\n<meta property=\"og:image\" content=\"https:\/\/www.leier.sk\/wp-content\/uploads\/2023\/08\/appka-hrdy-partner.webp\" \/>\n\t<meta property=\"og:image:width\" content=\"2560\" \/>\n\t<meta property=\"og:image:height\" content=\"1440\" \/>\n\t<meta property=\"og:image:type\" content=\"image\/webp\" \/>\n<meta name=\"author\" content=\"Leier\" \/>\n<meta name=\"twitter:card\" content=\"summary_large_image\" \/>\n<meta name=\"twitter:label1\" content=\"Written by\" \/>\n\t<meta name=\"twitter:data1\" content=\"Leier\" \/>\n\t<meta name=\"twitter:label2\" content=\"Estimated reading time\" \/>\n\t<meta name=\"twitter:data2\" content=\"2 minutes\" \/>\n<script type=\"application\/ld+json\" class=\"yoast-schema-graph\">{\"@context\":\"https:\\\/\\\/schema.org\",\"@graph\":[{\"@type\":\"Article\",\"@id\":\"https:\\\/\\\/www.leier.sk\\\/blog\\\/sme-hrdym-partnerom-prvej-slovenskej-charitativnej-aplikacie\\\/#article\",\"isPartOf\":{\"@id\":\"https:\\\/\\\/www.leier.sk\\\/blog\\\/sme-hrdym-partnerom-prvej-slovenskej-charitativnej-aplikacie\\\/\"},\"author\":{\"name\":\"Leier\",\"@id\":\"https:\\\/\\\/www.leier.sk\\\/#\\\/schema\\\/person\\\/615b579e2d90c095f9ef1d794705d527\"},\"headline\":\"Sme hrd\u00fdm partnerom prvej slovenskej charitat\u00edvnej aplik\u00e1cie\",\"datePublished\":\"2023-08-30T07:56:22+00:00\",\"dateModified\":\"2023-08-30T07:56:23+00:00\",\"mainEntityOfPage\":{\"@id\":\"https:\\\/\\\/www.leier.sk\\\/blog\\\/sme-hrdym-partnerom-prvej-slovenskej-charitativnej-aplikacie\\\/\"},\"wordCount\":430,\"publisher\":{\"@id\":\"https:\\\/\\\/www.leier.sk\\\/#organization\"},\"image\":{\"@id\":\"https:\\\/\\\/www.leier.sk\\\/blog\\\/sme-hrdym-partnerom-prvej-slovenskej-charitativnej-aplikacie\\\/#primaryimage\"},\"thumbnailUrl\":\"https:\\\/\\\/www.leier.sk\\\/wp-content\\\/uploads\\\/2023\\\/08\\\/appka-hrdy-partner.webp\",\"articleSection\":[\"Blog\"],\"inLanguage\":\"en-GB\"},{\"@type\":\"WebPage\",\"@id\":\"https:\\\/\\\/www.leier.sk\\\/blog\\\/sme-hrdym-partnerom-prvej-slovenskej-charitativnej-aplikacie\\\/\",\"url\":\"https:\\\/\\\/www.leier.sk\\\/blog\\\/sme-hrdym-partnerom-prvej-slovenskej-charitativnej-aplikacie\\\/\",\"name\":\"Sme hrd\u00fdm partnerom prvej slovenskej charitat\u00edvnej aplik\u00e1cie | Leier.sk\",\"isPartOf\":{\"@id\":\"https:\\\/\\\/www.leier.sk\\\/#website\"},\"primaryImageOfPage\":{\"@id\":\"https:\\\/\\\/www.leier.sk\\\/blog\\\/sme-hrdym-partnerom-prvej-slovenskej-charitativnej-aplikacie\\\/#primaryimage\"},\"image\":{\"@id\":\"https:\\\/\\\/www.leier.sk\\\/blog\\\/sme-hrdym-partnerom-prvej-slovenskej-charitativnej-aplikacie\\\/#primaryimage\"},\"thumbnailUrl\":\"https:\\\/\\\/www.leier.sk\\\/wp-content\\\/uploads\\\/2023\\\/08\\\/appka-hrdy-partner.webp\",\"datePublished\":\"2023-08-30T07:56:22+00:00\",\"dateModified\":\"2023-08-30T07:56:23+00:00\",\"breadcrumb\":{\"@id\":\"https:\\\/\\\/www.leier.sk\\\/blog\\\/sme-hrdym-partnerom-prvej-slovenskej-charitativnej-aplikacie\\\/#breadcrumb\"},\"inLanguage\":\"en-GB\",\"potentialAction\":[{\"@type\":\"ReadAction\",\"target\":[\"https:\\\/\\\/www.leier.sk\\\/blog\\\/sme-hrdym-partnerom-prvej-slovenskej-charitativnej-aplikacie\\\/\"]}]},{\"@type\":\"ImageObject\",\"inLanguage\":\"en-GB\",\"@id\":\"https:\\\/\\\/www.leier.sk\\\/blog\\\/sme-hrdym-partnerom-prvej-slovenskej-charitativnej-aplikacie\\\/#primaryimage\",\"url\":\"https:\\\/\\\/www.leier.sk\\\/wp-content\\\/uploads\\\/2023\\\/08\\\/appka-hrdy-partner.webp\",\"contentUrl\":\"https:\\\/\\\/www.leier.sk\\\/wp-content\\\/uploads\\\/2023\\\/08\\\/appka-hrdy-partner.webp\",\"width\":2560,\"height\":1440},{\"@type\":\"BreadcrumbList\",\"@id\":\"https:\\\/\\\/www.leier.sk\\\/blog\\\/sme-hrdym-partnerom-prvej-slovenskej-charitativnej-aplikacie\\\/#breadcrumb\",\"itemListElement\":[{\"@type\":\"ListItem\",\"position\":1,\"name\":\"Domov\",\"item\":\"https:\\\/\\\/www.leier.sk\\\/\"},{\"@type\":\"ListItem\",\"position\":2,\"name\":\"Sme hrd\u00fdm partnerom prvej slovenskej charitat\u00edvnej aplik\u00e1cie\"}]},{\"@type\":\"WebSite\",\"@id\":\"https:\\\/\\\/www.leier.sk\\\/#website\",\"url\":\"https:\\\/\\\/www.leier.sk\\\/\",\"name\":\"Leier.sk\",\"description\":\"V materi\u00e1loch sme doma\",\"publisher\":{\"@id\":\"https:\\\/\\\/www.leier.sk\\\/#organization\"},\"potentialAction\":[{\"@type\":\"SearchAction\",\"target\":{\"@type\":\"EntryPoint\",\"urlTemplate\":\"https:\\\/\\\/www.leier.sk\\\/?s={search_term_string}\"},\"query-input\":{\"@type\":\"PropertyValueSpecification\",\"valueRequired\":true,\"valueName\":\"search_term_string\"}}],\"inLanguage\":\"en-GB\"},{\"@type\":\"Organization\",\"@id\":\"https:\\\/\\\/www.leier.sk\\\/#organization\",\"name\":\"Leier\",\"url\":\"https:\\\/\\\/www.leier.sk\\\/\",\"logo\":{\"@type\":\"ImageObject\",\"inLanguage\":\"en-GB\",\"@id\":\"https:\\\/\\\/www.leier.sk\\\/#\\\/schema\\\/logo\\\/image\\\/\",\"url\":\"https:\\\/\\\/www.leier.sk\\\/wp-content\\\/uploads\\\/2022\\\/02\\\/logo-leier-inverse.png\",\"contentUrl\":\"https:\\\/\\\/www.leier.sk\\\/wp-content\\\/uploads\\\/2022\\\/02\\\/logo-leier-inverse.png\",\"width\":582,\"height\":179,\"caption\":\"Leier\"},\"image\":{\"@id\":\"https:\\\/\\\/www.leier.sk\\\/#\\\/schema\\\/logo\\\/image\\\/\"},\"sameAs\":[\"https:\\\/\\\/www.facebook.com\\\/LeierSlovakia\\\/\",\"https:\\\/\\\/www.youtube.com\\\/channel\\\/UC56YB_Knhf5YvAJK_Bk-hYg\"]},{\"@type\":\"Person\",\"@id\":\"https:\\\/\\\/www.leier.sk\\\/#\\\/schema\\\/person\\\/615b579e2d90c095f9ef1d794705d527\",\"name\":\"Leier\",\"sameAs\":[\"https:\\\/\\\/www.leier.sk\"],\"url\":\"https:\\\/\\\/www.leier.sk\\\/en\\\/author\\\/leadmin\\\/\"}]}<\/script>\n<!-- \/ Yoast SEO plugin. -->","yoast_head_json":{"title":"Sme hrd\u00fdm partnerom prvej slovenskej charitat\u00edvnej aplik\u00e1cie | Leier.sk","robots":{"index":"index","follow":"follow","max-snippet":"max-snippet:-1","max-image-preview":"max-image-preview:large","max-video-preview":"max-video-preview:-1"},"canonical":"https:\/\/www.leier.sk\/en\/blog\/sme-hrdym-partnerom-prvej-slovenskej-charitativnej-aplikacie\/","og_locale":"en_GB","og_type":"article","og_title":"Sme hrd\u00fdm partnerom prvej slovenskej charitat\u00edvnej aplik\u00e1cie | Leier.sk","og_description":"Ako v\u00fdrobca stavebn\u00fdch materi\u00e1lov pon\u00fakame \u0161irok\u00fd sortiment kvalitn\u00fdch produktov pre ka\u017ed\u00fa f\u00e1zu v\u00fdstavby. Od in\u017einierskych siet\u00ed, cez materi\u00e1ly pre hrub\u00fa stavbu a\u017e po z\u00e1hradn\u00e9 v\u00fdrobky k dotvoreniu okolia domu a skr\u00e1\u0161leniu z\u00e1hrad. Okrem toho sa radi z\u00fa\u010dast\u0148ujeme aj na projektoch, ktor\u00e9 sa zaoberaj\u00fa dobro\u010dinnos\u0165ou, ekologick\u00fdm vzdel\u00e1van\u00edm \u010di pomocou pre deti i seniorov. Najnov\u0161ie sme sa [&hellip;]","og_url":"https:\/\/www.leier.sk\/en\/blog\/sme-hrdym-partnerom-prvej-slovenskej-charitativnej-aplikacie\/","og_site_name":"Leier.sk","article_publisher":"https:\/\/www.facebook.com\/LeierSlovakia\/","article_published_time":"2023-08-30T07:56:22+00:00","article_modified_time":"2023-08-30T07:56:23+00:00","og_image":[{"width":2560,"height":1440,"url":"https:\/\/www.leier.sk\/wp-content\/uploads\/2023\/08\/appka-hrdy-partner.webp","type":"image\/webp"}],"author":"Leier","twitter_card":"summary_large_image","twitter_misc":{"Written by":"Leier","Estimated reading time":"2 minutes"},"schema":{"@context":"https:\/\/schema.org","@graph":[{"@type":"Article","@id":"https:\/\/www.leier.sk\/blog\/sme-hrdym-partnerom-prvej-slovenskej-charitativnej-aplikacie\/#article","isPartOf":{"@id":"https:\/\/www.leier.sk\/blog\/sme-hrdym-partnerom-prvej-slovenskej-charitativnej-aplikacie\/"},"author":{"name":"Leier","@id":"https:\/\/www.leier.sk\/#\/schema\/person\/615b579e2d90c095f9ef1d794705d527"},"headline":"Sme hrd\u00fdm partnerom prvej slovenskej charitat\u00edvnej aplik\u00e1cie","datePublished":"2023-08-30T07:56:22+00:00","dateModified":"2023-08-30T07:56:23+00:00","mainEntityOfPage":{"@id":"https:\/\/www.leier.sk\/blog\/sme-hrdym-partnerom-prvej-slovenskej-charitativnej-aplikacie\/"},"wordCount":430,"publisher":{"@id":"https:\/\/www.leier.sk\/#organization"},"image":{"@id":"https:\/\/www.leier.sk\/blog\/sme-hrdym-partnerom-prvej-slovenskej-charitativnej-aplikacie\/#primaryimage"},"thumbnailUrl":"https:\/\/www.leier.sk\/wp-content\/uploads\/2023\/08\/appka-hrdy-partner.webp","articleSection":["Blog"],"inLanguage":"en-GB"},{"@type":"WebPage","@id":"https:\/\/www.leier.sk\/blog\/sme-hrdym-partnerom-prvej-slovenskej-charitativnej-aplikacie\/","url":"https:\/\/www.leier.sk\/blog\/sme-hrdym-partnerom-prvej-slovenskej-charitativnej-aplikacie\/","name":"Sme hrd\u00fdm partnerom prvej slovenskej charitat\u00edvnej aplik\u00e1cie | Leier.sk","isPartOf":{"@id":"https:\/\/www.leier.sk\/#website"},"primaryImageOfPage":{"@id":"https:\/\/www.leier.sk\/blog\/sme-hrdym-partnerom-prvej-slovenskej-charitativnej-aplikacie\/#primaryimage"},"image":{"@id":"https:\/\/www.leier.sk\/blog\/sme-hrdym-partnerom-prvej-slovenskej-charitativnej-aplikacie\/#primaryimage"},"thumbnailUrl":"https:\/\/www.leier.sk\/wp-content\/uploads\/2023\/08\/appka-hrdy-partner.webp","datePublished":"2023-08-30T07:56:22+00:00","dateModified":"2023-08-30T07:56:23+00:00","breadcrumb":{"@id":"https:\/\/www.leier.sk\/blog\/sme-hrdym-partnerom-prvej-slovenskej-charitativnej-aplikacie\/#breadcrumb"},"inLanguage":"en-GB","potentialAction":[{"@type":"ReadAction","target":["https:\/\/www.leier.sk\/blog\/sme-hrdym-partnerom-prvej-slovenskej-charitativnej-aplikacie\/"]}]},{"@type":"ImageObject","inLanguage":"en-GB","@id":"https:\/\/www.leier.sk\/blog\/sme-hrdym-partnerom-prvej-slovenskej-charitativnej-aplikacie\/#primaryimage","url":"https:\/\/www.leier.sk\/wp-content\/uploads\/2023\/08\/appka-hrdy-partner.webp","contentUrl":"https:\/\/www.leier.sk\/wp-content\/uploads\/2023\/08\/appka-hrdy-partner.webp","width":2560,"height":1440},{"@type":"BreadcrumbList","@id":"https:\/\/www.leier.sk\/blog\/sme-hrdym-partnerom-prvej-slovenskej-charitativnej-aplikacie\/#breadcrumb","itemListElement":[{"@type":"ListItem","position":1,"name":"Domov","item":"https:\/\/www.leier.sk\/"},{"@type":"ListItem","position":2,"name":"Sme hrd\u00fdm partnerom prvej slovenskej charitat\u00edvnej aplik\u00e1cie"}]},{"@type":"WebSite","@id":"https:\/\/www.leier.sk\/#website","url":"https:\/\/www.leier.sk\/","name":"Leier.sk","description":"V materi\u00e1loch sme doma","publisher":{"@id":"https:\/\/www.leier.sk\/#organization"},"potentialAction":[{"@type":"SearchAction","target":{"@type":"EntryPoint","urlTemplate":"https:\/\/www.leier.sk\/?s={search_term_string}"},"query-input":{"@type":"PropertyValueSpecification","valueRequired":true,"valueName":"search_term_string"}}],"inLanguage":"en-GB"},{"@type":"Organization","@id":"https:\/\/www.leier.sk\/#organization","name":"Leier","url":"https:\/\/www.leier.sk\/","logo":{"@type":"ImageObject","inLanguage":"en-GB","@id":"https:\/\/www.leier.sk\/#\/schema\/logo\/image\/","url":"https:\/\/www.leier.sk\/wp-content\/uploads\/2022\/02\/logo-leier-inverse.png","contentUrl":"https:\/\/www.leier.sk\/wp-content\/uploads\/2022\/02\/logo-leier-inverse.png","width":582,"height":179,"caption":"Leier"},"image":{"@id":"https:\/\/www.leier.sk\/#\/schema\/logo\/image\/"},"sameAs":["https:\/\/www.facebook.com\/LeierSlovakia\/","https:\/\/www.youtube.com\/channel\/UC56YB_Knhf5YvAJK_Bk-hYg"]},{"@type":"Person","@id":"https:\/\/www.leier.sk\/#\/schema\/person\/615b579e2d90c095f9ef1d794705d527","name":"Leier","sameAs":["https:\/\/www.leier.sk"],"url":"https:\/\/www.leier.sk\/en\/author\/leadmin\/"}]}},"_links":{"self":[{"href":"https:\/\/www.leier.sk\/en\/wp-json\/wp\/v2\/posts\/2514","targetHints":{"allow":["GET"]}}],"collection":[{"href":"https:\/\/www.leier.sk\/en\/wp-json\/wp\/v2\/posts"}],"about":[{"href":"https:\/\/www.leier.sk\/en\/wp-json\/wp\/v2\/types\/post"}],"author":[{"embeddable":true,"href":"https:\/\/www.leier.sk\/en\/wp-json\/wp\/v2\/users\/1"}],"replies":[{"embeddable":true,"href":"https:\/\/www.leier.sk\/en\/wp-json\/wp\/v2\/comments?post=2514"}],"version-history":[{"count":1,"href":"https:\/\/www.leier.sk\/en\/wp-json\/wp\/v2\/posts\/2514\/revisions"}],"predecessor-version":[{"id":2515,"href":"https:\/\/www.leier.sk\/en\/wp-json\/wp\/v2\/posts\/2514\/revisions\/2515"}],"wp:featuredmedia":[{"embeddable":true,"href":"https:\/\/www.leier.sk\/en\/wp-json\/wp\/v2\/media\/2513"}],"wp:attachment":[{"href":"https:\/\/www.leier.sk\/en\/wp-json\/wp\/v2\/media?parent=2514"}],"wp:term":[{"taxonomy":"category","embeddable":true,"href":"https:\/\/www.leier.sk\/en\/wp-json\/wp\/v2\/categories?post=2514"},{"taxonomy":"post_tag","embeddable":true,"href":"https:\/\/www.leier.sk\/en\/wp-json\/wp\/v2\/tags?post=2514"}],"curies":[{"name":"wp","href":"https:\/\/api.w.org\/{rel}","templated":true}]}}