{"id":2373,"date":"2023-04-25T09:24:09","date_gmt":"2023-04-25T07:24:09","guid":{"rendered":"https:\/\/www.leier.sk\/?p=2373"},"modified":"2023-04-25T09:28:18","modified_gmt":"2023-04-25T07:28:18","slug":"vystavba-novej-bytovky-vo-vrabloch","status":"publish","type":"post","link":"https:\/\/www.leier.sk\/en\/blog\/vystavba-novej-bytovky-vo-vrabloch\/","title":{"rendered":"V\u00fdstavba novej bytovky vo Vr\u00e1bloch"},"content":{"rendered":"<p>Obyvatelia malebn\u00e9ho meste\u010dka Vr\u00e1ble sa \u010doskoro bud\u00fa m\u00f4c\u0165 p\u00fd\u0161i\u0165 novou <strong>bytovou jednotkou<\/strong>. T\u00e1to viacposchodov\u00e1 bytov\u00e1 stavba je postaven\u00e1 z <a href=\"https:\/\/www.leier.sk\/en\/produkty\/durisol\/\"><strong>Durisolu<\/strong><\/a><strong>,<\/strong> \u010do znamen\u00e1, \u017ee sa vyzna\u010duje rovnako <strong>kvalitou<\/strong>, ako aj <strong>ekologick\u00fdm aspektom.<\/strong><\/p>\n\n\n\n<p>Durisol je n\u00e1\u0161 pr\u00e9miov\u00fd <strong>stavebn\u00fd materi\u00e1l<\/strong> vyroben\u00fd \u010disto na pr\u00edrodnej b\u00e1ze. \u0160etr\u00ed \u017eivotn\u00e9 prostredie pri v\u00fdrobe a aj pri n\u00e1slednej prev\u00e1dzke, no z\u00e1rove\u0148 si zachov\u00e1va vynikaj\u00face fyzik\u00e1lne vlastnosti. Jeho hlavnou surovinou je <strong>drevo<\/strong>, ktor\u00e9 sa \u0161peci\u00e1lnou met\u00f3dou mineraliz\u00e1cie zu\u0161\u013eacht\u00ed a spracuje s cementom a vodou na tvarovku. Tieto tvarovky s\u00fa t\u00fdm p\u00e1dom <strong>100 % recyklovate\u013en\u00e9<\/strong>.<\/p>\n\n\n\n<p>Na miesto boli dodan\u00e9 aj prefabrikovan\u00e9 <a href=\"https:\/\/www.leier.sk\/en\/produkty\/prefabrikaty\/stropne-konstrukcie\/predpate-dutinove-panely-leier\/\"><strong>stropn\u00e9 kon\u0161trukcie<\/strong><\/a> spolu so <a href=\"https:\/\/www.leier.sk\/en\/produkty\/prefabrikaty\/prefabrikovane-prvky\/schodiskove-ramena-leier-priame\/\"><strong>schodiskov\u00fdmi ramenami<\/strong><\/a>, ktor\u00e9 v\u00fdrazne pom\u00f4\u017eu stavb\u00e1rom pri efekt\u00edvnej realiz\u00e1cii. Schodisk\u00e1 s\u00fa vyroben\u00e9 presne pod\u013ea projektovej dokument\u00e1cie, a tak sa dok\u00e1\u017eu prisp\u00f4sobi\u0165 v\u00fd\u0161kovej \u00farovni a umiestneniam pod\u013ea n\u00e1vrhov. Aj preto s\u00fa prefabrikovan\u00e9 schody Leier ide\u00e1lnym rie\u0161en\u00edm pre ka\u017ed\u00fa stavbu. S\u00fa <strong>presn\u00e9, pripraven\u00e9<\/strong> na r\u00fdchle zabudovanie a <strong>ihne\u010f za\u0165a\u017eite\u013en\u00e9<\/strong>, \u010do zna\u010dne zjednodu\u0161uje pr\u00e1cu na stavbe.<\/p>\n\n\n\n<p>Obyvatelia si tak u\u017e \u010doskoro bud\u00fa m\u00f4c\u0165 u\u017e\u00edva\u0165 kvalitn\u00e9, zdrav\u00e9 a pr\u00edjemn\u00e9 b\u00fdvanie, ktor\u00e9 bude sp\u013a\u0148a\u0165 v\u0161etky po\u017eiadavky n\u00edzkoenergetickej bytovky.<\/p>\n\n\n\n<iframe loading=\"lazy\" width=\"100%\" height=\"450\" src=\"https:\/\/www.youtube.com\/embed\/MFXYgGAStSA\" title=\"YouTube video player\" frameborder=\"0\" allow=\"accelerometer; autoplay; clipboard-write; encrypted-media; gyroscope; picture-in-picture; web-share\" allowfullscreen><\/iframe>","protected":false},"excerpt":{"rendered":"<p>Obyvatelia malebn\u00e9ho meste\u010dka Vr\u00e1ble sa \u010doskoro bud\u00fa m\u00f4c\u0165 p\u00fd\u0161i\u0165 novou bytovou jednotkou. T\u00e1to viacposchodov\u00e1 bytov\u00e1 stavba je postaven\u00e1 z Durisolu, \u010do znamen\u00e1, \u017ee sa vyzna\u010duje rovnako kvalitou, ako aj ekologick\u00fdm aspektom. Durisol je n\u00e1\u0161 pr\u00e9miov\u00fd stavebn\u00fd materi\u00e1l vyroben\u00fd \u010disto na pr\u00edrodnej b\u00e1ze. \u0160etr\u00ed \u017eivotn\u00e9 prostredie pri v\u00fdrobe a aj pri n\u00e1slednej prev\u00e1dzke, no z\u00e1rove\u0148 si [&hellip;]<\/p>\n","protected":false},"author":1,"featured_media":2392,"comment_status":"closed","ping_status":"closed","sticky":false,"template":"","format":"standard","meta":{"footnotes":""},"categories":[1],"tags":[],"class_list":["post-2373","post","type-post","status-publish","format-standard","has-post-thumbnail","hentry","category-blog"],"yoast_head":"<!-- This site is optimized with the Yoast SEO plugin v27.5 - https:\/\/yoast.com\/product\/yoast-seo-wordpress\/ -->\n<title>V\u00fdstavba novej bytovky vo Vr\u00e1bloch | Leier.sk<\/title>\n<meta name=\"robots\" content=\"index, follow, max-snippet:-1, max-image-preview:large, max-video-preview:-1\" \/>\n<link rel=\"canonical\" href=\"https:\/\/www.leier.sk\/en\/blog\/vystavba-novej-bytovky-vo-vrabloch\/\" \/>\n<meta property=\"og:locale\" content=\"en_GB\" \/>\n<meta property=\"og:type\" content=\"article\" \/>\n<meta property=\"og:title\" content=\"V\u00fdstavba novej bytovky vo Vr\u00e1bloch | Leier.sk\" \/>\n<meta property=\"og:description\" content=\"Obyvatelia malebn\u00e9ho meste\u010dka Vr\u00e1ble sa \u010doskoro bud\u00fa m\u00f4c\u0165 p\u00fd\u0161i\u0165 novou bytovou jednotkou. T\u00e1to viacposchodov\u00e1 bytov\u00e1 stavba je postaven\u00e1 z Durisolu, \u010do znamen\u00e1, \u017ee sa vyzna\u010duje rovnako kvalitou, ako aj ekologick\u00fdm aspektom. Durisol je n\u00e1\u0161 pr\u00e9miov\u00fd stavebn\u00fd materi\u00e1l vyroben\u00fd \u010disto na pr\u00edrodnej b\u00e1ze. \u0160etr\u00ed \u017eivotn\u00e9 prostredie pri v\u00fdrobe a aj pri n\u00e1slednej prev\u00e1dzke, no z\u00e1rove\u0148 si [&hellip;]\" \/>\n<meta property=\"og:url\" content=\"https:\/\/www.leier.sk\/en\/blog\/vystavba-novej-bytovky-vo-vrabloch\/\" \/>\n<meta property=\"og:site_name\" content=\"Leier.sk\" \/>\n<meta property=\"article:publisher\" content=\"https:\/\/www.facebook.com\/LeierSlovakia\/\" \/>\n<meta property=\"article:published_time\" content=\"2023-04-25T07:24:09+00:00\" \/>\n<meta property=\"article:modified_time\" content=\"2023-04-25T07:28:18+00:00\" \/>\n<meta property=\"og:image\" content=\"https:\/\/www.leier.sk\/wp-content\/uploads\/2023\/04\/vrable-dji-00004.jpg\" \/>\n\t<meta property=\"og:image:width\" content=\"2560\" \/>\n\t<meta property=\"og:image:height\" content=\"1440\" \/>\n\t<meta property=\"og:image:type\" content=\"image\/jpeg\" \/>\n<meta name=\"author\" content=\"Leier\" \/>\n<meta name=\"twitter:card\" content=\"summary_large_image\" \/>\n<meta name=\"twitter:label1\" content=\"Written by\" \/>\n\t<meta name=\"twitter:data1\" content=\"Leier\" \/>\n\t<meta name=\"twitter:label2\" content=\"Estimated reading time\" \/>\n\t<meta name=\"twitter:data2\" content=\"1 minute\" \/>\n<script type=\"application\/ld+json\" class=\"yoast-schema-graph\">{\"@context\":\"https:\\\/\\\/schema.org\",\"@graph\":[{\"@type\":\"Article\",\"@id\":\"https:\\\/\\\/www.leier.sk\\\/blog\\\/vystavba-novej-bytovky-vo-vrabloch\\\/#article\",\"isPartOf\":{\"@id\":\"https:\\\/\\\/www.leier.sk\\\/blog\\\/vystavba-novej-bytovky-vo-vrabloch\\\/\"},\"author\":{\"name\":\"Leier\",\"@id\":\"https:\\\/\\\/www.leier.sk\\\/#\\\/schema\\\/person\\\/615b579e2d90c095f9ef1d794705d527\"},\"headline\":\"V\u00fdstavba novej bytovky vo Vr\u00e1bloch\",\"datePublished\":\"2023-04-25T07:24:09+00:00\",\"dateModified\":\"2023-04-25T07:28:18+00:00\",\"mainEntityOfPage\":{\"@id\":\"https:\\\/\\\/www.leier.sk\\\/blog\\\/vystavba-novej-bytovky-vo-vrabloch\\\/\"},\"wordCount\":233,\"publisher\":{\"@id\":\"https:\\\/\\\/www.leier.sk\\\/#organization\"},\"image\":{\"@id\":\"https:\\\/\\\/www.leier.sk\\\/blog\\\/vystavba-novej-bytovky-vo-vrabloch\\\/#primaryimage\"},\"thumbnailUrl\":\"https:\\\/\\\/www.leier.sk\\\/wp-content\\\/uploads\\\/2023\\\/04\\\/vrable-dji-00004.jpg\",\"articleSection\":[\"Blog\"],\"inLanguage\":\"en-GB\"},{\"@type\":\"WebPage\",\"@id\":\"https:\\\/\\\/www.leier.sk\\\/blog\\\/vystavba-novej-bytovky-vo-vrabloch\\\/\",\"url\":\"https:\\\/\\\/www.leier.sk\\\/blog\\\/vystavba-novej-bytovky-vo-vrabloch\\\/\",\"name\":\"V\u00fdstavba novej bytovky vo Vr\u00e1bloch | Leier.sk\",\"isPartOf\":{\"@id\":\"https:\\\/\\\/www.leier.sk\\\/#website\"},\"primaryImageOfPage\":{\"@id\":\"https:\\\/\\\/www.leier.sk\\\/blog\\\/vystavba-novej-bytovky-vo-vrabloch\\\/#primaryimage\"},\"image\":{\"@id\":\"https:\\\/\\\/www.leier.sk\\\/blog\\\/vystavba-novej-bytovky-vo-vrabloch\\\/#primaryimage\"},\"thumbnailUrl\":\"https:\\\/\\\/www.leier.sk\\\/wp-content\\\/uploads\\\/2023\\\/04\\\/vrable-dji-00004.jpg\",\"datePublished\":\"2023-04-25T07:24:09+00:00\",\"dateModified\":\"2023-04-25T07:28:18+00:00\",\"breadcrumb\":{\"@id\":\"https:\\\/\\\/www.leier.sk\\\/blog\\\/vystavba-novej-bytovky-vo-vrabloch\\\/#breadcrumb\"},\"inLanguage\":\"en-GB\",\"potentialAction\":[{\"@type\":\"ReadAction\",\"target\":[\"https:\\\/\\\/www.leier.sk\\\/blog\\\/vystavba-novej-bytovky-vo-vrabloch\\\/\"]}]},{\"@type\":\"ImageObject\",\"inLanguage\":\"en-GB\",\"@id\":\"https:\\\/\\\/www.leier.sk\\\/blog\\\/vystavba-novej-bytovky-vo-vrabloch\\\/#primaryimage\",\"url\":\"https:\\\/\\\/www.leier.sk\\\/wp-content\\\/uploads\\\/2023\\\/04\\\/vrable-dji-00004.jpg\",\"contentUrl\":\"https:\\\/\\\/www.leier.sk\\\/wp-content\\\/uploads\\\/2023\\\/04\\\/vrable-dji-00004.jpg\",\"width\":2560,\"height\":1440},{\"@type\":\"BreadcrumbList\",\"@id\":\"https:\\\/\\\/www.leier.sk\\\/blog\\\/vystavba-novej-bytovky-vo-vrabloch\\\/#breadcrumb\",\"itemListElement\":[{\"@type\":\"ListItem\",\"position\":1,\"name\":\"Domov\",\"item\":\"https:\\\/\\\/www.leier.sk\\\/\"},{\"@type\":\"ListItem\",\"position\":2,\"name\":\"V\u00fdstavba novej bytovky vo Vr\u00e1bloch\"}]},{\"@type\":\"WebSite\",\"@id\":\"https:\\\/\\\/www.leier.sk\\\/#website\",\"url\":\"https:\\\/\\\/www.leier.sk\\\/\",\"name\":\"Leier.sk\",\"description\":\"V materi\u00e1loch sme doma\",\"publisher\":{\"@id\":\"https:\\\/\\\/www.leier.sk\\\/#organization\"},\"potentialAction\":[{\"@type\":\"SearchAction\",\"target\":{\"@type\":\"EntryPoint\",\"urlTemplate\":\"https:\\\/\\\/www.leier.sk\\\/?s={search_term_string}\"},\"query-input\":{\"@type\":\"PropertyValueSpecification\",\"valueRequired\":true,\"valueName\":\"search_term_string\"}}],\"inLanguage\":\"en-GB\"},{\"@type\":\"Organization\",\"@id\":\"https:\\\/\\\/www.leier.sk\\\/#organization\",\"name\":\"Leier\",\"url\":\"https:\\\/\\\/www.leier.sk\\\/\",\"logo\":{\"@type\":\"ImageObject\",\"inLanguage\":\"en-GB\",\"@id\":\"https:\\\/\\\/www.leier.sk\\\/#\\\/schema\\\/logo\\\/image\\\/\",\"url\":\"https:\\\/\\\/www.leier.sk\\\/wp-content\\\/uploads\\\/2022\\\/02\\\/logo-leier-inverse.png\",\"contentUrl\":\"https:\\\/\\\/www.leier.sk\\\/wp-content\\\/uploads\\\/2022\\\/02\\\/logo-leier-inverse.png\",\"width\":582,\"height\":179,\"caption\":\"Leier\"},\"image\":{\"@id\":\"https:\\\/\\\/www.leier.sk\\\/#\\\/schema\\\/logo\\\/image\\\/\"},\"sameAs\":[\"https:\\\/\\\/www.facebook.com\\\/LeierSlovakia\\\/\",\"https:\\\/\\\/www.youtube.com\\\/channel\\\/UC56YB_Knhf5YvAJK_Bk-hYg\"]},{\"@type\":\"Person\",\"@id\":\"https:\\\/\\\/www.leier.sk\\\/#\\\/schema\\\/person\\\/615b579e2d90c095f9ef1d794705d527\",\"name\":\"Leier\",\"sameAs\":[\"https:\\\/\\\/www.leier.sk\"],\"url\":\"https:\\\/\\\/www.leier.sk\\\/en\\\/author\\\/leadmin\\\/\"}]}<\/script>\n<!-- \/ Yoast SEO plugin. -->","yoast_head_json":{"title":"V\u00fdstavba novej bytovky vo Vr\u00e1bloch | Leier.sk","robots":{"index":"index","follow":"follow","max-snippet":"max-snippet:-1","max-image-preview":"max-image-preview:large","max-video-preview":"max-video-preview:-1"},"canonical":"https:\/\/www.leier.sk\/en\/blog\/vystavba-novej-bytovky-vo-vrabloch\/","og_locale":"en_GB","og_type":"article","og_title":"V\u00fdstavba novej bytovky vo Vr\u00e1bloch | Leier.sk","og_description":"Obyvatelia malebn\u00e9ho meste\u010dka Vr\u00e1ble sa \u010doskoro bud\u00fa m\u00f4c\u0165 p\u00fd\u0161i\u0165 novou bytovou jednotkou. T\u00e1to viacposchodov\u00e1 bytov\u00e1 stavba je postaven\u00e1 z Durisolu, \u010do znamen\u00e1, \u017ee sa vyzna\u010duje rovnako kvalitou, ako aj ekologick\u00fdm aspektom. Durisol je n\u00e1\u0161 pr\u00e9miov\u00fd stavebn\u00fd materi\u00e1l vyroben\u00fd \u010disto na pr\u00edrodnej b\u00e1ze. \u0160etr\u00ed \u017eivotn\u00e9 prostredie pri v\u00fdrobe a aj pri n\u00e1slednej prev\u00e1dzke, no z\u00e1rove\u0148 si [&hellip;]","og_url":"https:\/\/www.leier.sk\/en\/blog\/vystavba-novej-bytovky-vo-vrabloch\/","og_site_name":"Leier.sk","article_publisher":"https:\/\/www.facebook.com\/LeierSlovakia\/","article_published_time":"2023-04-25T07:24:09+00:00","article_modified_time":"2023-04-25T07:28:18+00:00","og_image":[{"width":2560,"height":1440,"url":"https:\/\/www.leier.sk\/wp-content\/uploads\/2023\/04\/vrable-dji-00004.jpg","type":"image\/jpeg"}],"author":"Leier","twitter_card":"summary_large_image","twitter_misc":{"Written by":"Leier","Estimated reading time":"1 minute"},"schema":{"@context":"https:\/\/schema.org","@graph":[{"@type":"Article","@id":"https:\/\/www.leier.sk\/blog\/vystavba-novej-bytovky-vo-vrabloch\/#article","isPartOf":{"@id":"https:\/\/www.leier.sk\/blog\/vystavba-novej-bytovky-vo-vrabloch\/"},"author":{"name":"Leier","@id":"https:\/\/www.leier.sk\/#\/schema\/person\/615b579e2d90c095f9ef1d794705d527"},"headline":"V\u00fdstavba novej bytovky vo Vr\u00e1bloch","datePublished":"2023-04-25T07:24:09+00:00","dateModified":"2023-04-25T07:28:18+00:00","mainEntityOfPage":{"@id":"https:\/\/www.leier.sk\/blog\/vystavba-novej-bytovky-vo-vrabloch\/"},"wordCount":233,"publisher":{"@id":"https:\/\/www.leier.sk\/#organization"},"image":{"@id":"https:\/\/www.leier.sk\/blog\/vystavba-novej-bytovky-vo-vrabloch\/#primaryimage"},"thumbnailUrl":"https:\/\/www.leier.sk\/wp-content\/uploads\/2023\/04\/vrable-dji-00004.jpg","articleSection":["Blog"],"inLanguage":"en-GB"},{"@type":"WebPage","@id":"https:\/\/www.leier.sk\/blog\/vystavba-novej-bytovky-vo-vrabloch\/","url":"https:\/\/www.leier.sk\/blog\/vystavba-novej-bytovky-vo-vrabloch\/","name":"V\u00fdstavba novej bytovky vo Vr\u00e1bloch | Leier.sk","isPartOf":{"@id":"https:\/\/www.leier.sk\/#website"},"primaryImageOfPage":{"@id":"https:\/\/www.leier.sk\/blog\/vystavba-novej-bytovky-vo-vrabloch\/#primaryimage"},"image":{"@id":"https:\/\/www.leier.sk\/blog\/vystavba-novej-bytovky-vo-vrabloch\/#primaryimage"},"thumbnailUrl":"https:\/\/www.leier.sk\/wp-content\/uploads\/2023\/04\/vrable-dji-00004.jpg","datePublished":"2023-04-25T07:24:09+00:00","dateModified":"2023-04-25T07:28:18+00:00","breadcrumb":{"@id":"https:\/\/www.leier.sk\/blog\/vystavba-novej-bytovky-vo-vrabloch\/#breadcrumb"},"inLanguage":"en-GB","potentialAction":[{"@type":"ReadAction","target":["https:\/\/www.leier.sk\/blog\/vystavba-novej-bytovky-vo-vrabloch\/"]}]},{"@type":"ImageObject","inLanguage":"en-GB","@id":"https:\/\/www.leier.sk\/blog\/vystavba-novej-bytovky-vo-vrabloch\/#primaryimage","url":"https:\/\/www.leier.sk\/wp-content\/uploads\/2023\/04\/vrable-dji-00004.jpg","contentUrl":"https:\/\/www.leier.sk\/wp-content\/uploads\/2023\/04\/vrable-dji-00004.jpg","width":2560,"height":1440},{"@type":"BreadcrumbList","@id":"https:\/\/www.leier.sk\/blog\/vystavba-novej-bytovky-vo-vrabloch\/#breadcrumb","itemListElement":[{"@type":"ListItem","position":1,"name":"Domov","item":"https:\/\/www.leier.sk\/"},{"@type":"ListItem","position":2,"name":"V\u00fdstavba novej bytovky vo Vr\u00e1bloch"}]},{"@type":"WebSite","@id":"https:\/\/www.leier.sk\/#website","url":"https:\/\/www.leier.sk\/","name":"Leier.sk","description":"V materi\u00e1loch sme doma","publisher":{"@id":"https:\/\/www.leier.sk\/#organization"},"potentialAction":[{"@type":"SearchAction","target":{"@type":"EntryPoint","urlTemplate":"https:\/\/www.leier.sk\/?s={search_term_string}"},"query-input":{"@type":"PropertyValueSpecification","valueRequired":true,"valueName":"search_term_string"}}],"inLanguage":"en-GB"},{"@type":"Organization","@id":"https:\/\/www.leier.sk\/#organization","name":"Leier","url":"https:\/\/www.leier.sk\/","logo":{"@type":"ImageObject","inLanguage":"en-GB","@id":"https:\/\/www.leier.sk\/#\/schema\/logo\/image\/","url":"https:\/\/www.leier.sk\/wp-content\/uploads\/2022\/02\/logo-leier-inverse.png","contentUrl":"https:\/\/www.leier.sk\/wp-content\/uploads\/2022\/02\/logo-leier-inverse.png","width":582,"height":179,"caption":"Leier"},"image":{"@id":"https:\/\/www.leier.sk\/#\/schema\/logo\/image\/"},"sameAs":["https:\/\/www.facebook.com\/LeierSlovakia\/","https:\/\/www.youtube.com\/channel\/UC56YB_Knhf5YvAJK_Bk-hYg"]},{"@type":"Person","@id":"https:\/\/www.leier.sk\/#\/schema\/person\/615b579e2d90c095f9ef1d794705d527","name":"Leier","sameAs":["https:\/\/www.leier.sk"],"url":"https:\/\/www.leier.sk\/en\/author\/leadmin\/"}]}},"_links":{"self":[{"href":"https:\/\/www.leier.sk\/en\/wp-json\/wp\/v2\/posts\/2373","targetHints":{"allow":["GET"]}}],"collection":[{"href":"https:\/\/www.leier.sk\/en\/wp-json\/wp\/v2\/posts"}],"about":[{"href":"https:\/\/www.leier.sk\/en\/wp-json\/wp\/v2\/types\/post"}],"author":[{"embeddable":true,"href":"https:\/\/www.leier.sk\/en\/wp-json\/wp\/v2\/users\/1"}],"replies":[{"embeddable":true,"href":"https:\/\/www.leier.sk\/en\/wp-json\/wp\/v2\/comments?post=2373"}],"version-history":[{"count":3,"href":"https:\/\/www.leier.sk\/en\/wp-json\/wp\/v2\/posts\/2373\/revisions"}],"predecessor-version":[{"id":2399,"href":"https:\/\/www.leier.sk\/en\/wp-json\/wp\/v2\/posts\/2373\/revisions\/2399"}],"wp:featuredmedia":[{"embeddable":true,"href":"https:\/\/www.leier.sk\/en\/wp-json\/wp\/v2\/media\/2392"}],"wp:attachment":[{"href":"https:\/\/www.leier.sk\/en\/wp-json\/wp\/v2\/media?parent=2373"}],"wp:term":[{"taxonomy":"category","embeddable":true,"href":"https:\/\/www.leier.sk\/en\/wp-json\/wp\/v2\/categories?post=2373"},{"taxonomy":"post_tag","embeddable":true,"href":"https:\/\/www.leier.sk\/en\/wp-json\/wp\/v2\/tags?post=2373"}],"curies":[{"name":"wp","href":"https:\/\/api.w.org\/{rel}","templated":true}]}}