{"id":2360,"date":"2023-04-25T09:16:18","date_gmt":"2023-04-25T07:16:18","guid":{"rendered":"https:\/\/www.leier.sk\/?p=2360"},"modified":"2023-04-25T09:29:40","modified_gmt":"2023-04-25T07:29:40","slug":"leier-ako-sucast-projektu-noveho-logistickeho-centra-v-bratislave","status":"publish","type":"post","link":"https:\/\/www.leier.sk\/en\/blog\/leier-ako-sucast-projektu-noveho-logistickeho-centra-v-bratislave\/","title":{"rendered":"Leier ako s\u00fa\u010das\u0165 projektu nov\u00e9ho logistick\u00e9ho centra v Bratislave"},"content":{"rendered":"<p>To, \u017ee v Bratislave ka\u017edodenne vznikaj\u00fa nov\u00e9 budovy nie je \u017eiadna novinka. No nie v\u0161etky sa m\u00f4\u017eu p\u00fd\u0161i\u0165 t\u00fdm, \u017ee s\u00fa stavan\u00e9 z <strong>kvalitn\u00fdch materi\u00e1lov<\/strong>. <strong>Nov\u00e9 logistick\u00e9 centrum DOAS<\/strong>, ktor\u00e9 sa stavia hne\u010f na skok od <a href=\"https:\/\/www.leier.sk\/en\/\">centr\u00e1ly Leier<\/a>, medzi ne v\u0161ak patr\u00ed.&nbsp;<\/p>\n\n\n\n<p>Na stavbu boli v posledn\u00fdch d\u0148och dodan\u00e9 <a href=\"https:\/\/www.leier.sk\/en\/produkty\/prefabrikaty\/\"><strong>stropn\u00e9 panely Leier<\/strong><\/a><strong>,<\/strong> ktor\u00e9 efekt\u00edvne a r\u00fdchlo zastre\u0161ili obe skladov\u00e9 haly. Ich v\u00fdhodou je <strong>mal\u00e1 hr\u00fabka stropnej kon\u0161trukcie,<\/strong> a to aj pri ve\u013ekej statickej z\u00e1\u0165a\u017ei. Realiz\u00e1cia stropu pomocou dutinov\u00fdch panelov je \u00fasporn\u00e1 a finan\u010dne nen\u00e1ro\u010dn\u00e1 a samotn\u00e1 mont\u00e1\u017e ve\u013emi <strong>jednoduch\u00e1 a r\u00fdchla<\/strong>. Nevy\u017eaduje sa \u0161peci\u00e1lne n\u00e1radie \u010di podpery, a to ani pri ve\u013ek\u00fdch rozponoch. Po ulo\u017een\u00ed panelov ved\u013ea seba vznikne <strong>plnohodnotn\u00fd nosn\u00fd strop<\/strong>, ktor\u00fd nepotrebuje \u017eiadne mont\u00e1\u017ene podopretie a m\u00f4\u017ee sa okam\u017eite za\u0165a\u017ei\u0165.<\/p>\n\n\n\n<p>T\u00e1to spolupr\u00e1ca je jednou z mnoh\u00fdch, ktor\u00fdch je spolo\u010dnos\u0165 Leier s\u00fa\u010das\u0165ou. U\u017e aj na slovenskom trhu sa \u010doraz viac a viac usta\u013euje ako jeden z <strong>najd\u00f4vernej\u0161\u00edch<\/strong> a <strong>najkvalitnej\u0161\u00edch v\u00fdrobcov<\/strong> stavebn\u00e9ho materi\u00e1lu.<\/p>\n\n\n\n<iframe loading=\"lazy\" width=\"100%\" height=\"450\" src=\"https:\/\/www.youtube.com\/embed\/HJM1xpmg_Mg\" title=\"YouTube video player\" frameborder=\"0\" allow=\"accelerometer; autoplay; clipboard-write; encrypted-media; gyroscope; picture-in-picture; web-share\" allowfullscreen><\/iframe>","protected":false},"excerpt":{"rendered":"<p>To, \u017ee v Bratislave ka\u017edodenne vznikaj\u00fa nov\u00e9 budovy nie je \u017eiadna novinka. No nie v\u0161etky sa m\u00f4\u017eu p\u00fd\u0161i\u0165 t\u00fdm, \u017ee s\u00fa stavan\u00e9 z kvalitn\u00fdch materi\u00e1lov. Nov\u00e9 logistick\u00e9 centrum DOAS, ktor\u00e9 sa stavia hne\u010f na skok od centr\u00e1ly Leier, medzi ne v\u0161ak patr\u00ed.&nbsp; Na stavbu boli v posledn\u00fdch d\u0148och dodan\u00e9 stropn\u00e9 panely Leier, ktor\u00e9 efekt\u00edvne a [&hellip;]<\/p>\n","protected":false},"author":1,"featured_media":2361,"comment_status":"closed","ping_status":"closed","sticky":false,"template":"","format":"standard","meta":{"footnotes":""},"categories":[1],"tags":[],"class_list":["post-2360","post","type-post","status-publish","format-standard","has-post-thumbnail","hentry","category-blog"],"yoast_head":"<!-- This site is optimized with the Yoast SEO plugin v27.5 - https:\/\/yoast.com\/product\/yoast-seo-wordpress\/ -->\n<title>Leier ako s\u00fa\u010das\u0165 projektu nov\u00e9ho logistick\u00e9ho centra v Bratislave | Leier.sk<\/title>\n<meta name=\"robots\" content=\"index, follow, max-snippet:-1, max-image-preview:large, max-video-preview:-1\" \/>\n<link rel=\"canonical\" href=\"https:\/\/www.leier.sk\/en\/blog\/leier-ako-sucast-projektu-noveho-logistickeho-centra-v-bratislave\/\" \/>\n<meta property=\"og:locale\" content=\"en_GB\" \/>\n<meta property=\"og:type\" content=\"article\" \/>\n<meta property=\"og:title\" content=\"Leier ako s\u00fa\u010das\u0165 projektu nov\u00e9ho logistick\u00e9ho centra v Bratislave | Leier.sk\" \/>\n<meta property=\"og:description\" content=\"To, \u017ee v Bratislave ka\u017edodenne vznikaj\u00fa nov\u00e9 budovy nie je \u017eiadna novinka. No nie v\u0161etky sa m\u00f4\u017eu p\u00fd\u0161i\u0165 t\u00fdm, \u017ee s\u00fa stavan\u00e9 z kvalitn\u00fdch materi\u00e1lov. Nov\u00e9 logistick\u00e9 centrum DOAS, ktor\u00e9 sa stavia hne\u010f na skok od centr\u00e1ly Leier, medzi ne v\u0161ak patr\u00ed.&nbsp; Na stavbu boli v posledn\u00fdch d\u0148och dodan\u00e9 stropn\u00e9 panely Leier, ktor\u00e9 efekt\u00edvne a [&hellip;]\" \/>\n<meta property=\"og:url\" content=\"https:\/\/www.leier.sk\/en\/blog\/leier-ako-sucast-projektu-noveho-logistickeho-centra-v-bratislave\/\" \/>\n<meta property=\"og:site_name\" content=\"Leier.sk\" \/>\n<meta property=\"article:publisher\" content=\"https:\/\/www.facebook.com\/LeierSlovakia\/\" \/>\n<meta property=\"article:published_time\" content=\"2023-04-25T07:16:18+00:00\" \/>\n<meta property=\"article:modified_time\" content=\"2023-04-25T07:29:40+00:00\" \/>\n<meta property=\"og:image\" content=\"https:\/\/www.leier.sk\/wp-content\/uploads\/2023\/04\/doas-00001.jpg\" \/>\n\t<meta property=\"og:image:width\" content=\"2560\" \/>\n\t<meta property=\"og:image:height\" content=\"1707\" \/>\n\t<meta property=\"og:image:type\" content=\"image\/jpeg\" \/>\n<meta name=\"author\" content=\"Leier\" \/>\n<meta name=\"twitter:card\" content=\"summary_large_image\" \/>\n<meta name=\"twitter:label1\" content=\"Written by\" \/>\n\t<meta name=\"twitter:data1\" content=\"Leier\" \/>\n\t<meta name=\"twitter:label2\" content=\"Estimated reading time\" \/>\n\t<meta name=\"twitter:data2\" content=\"1 minute\" \/>\n<script type=\"application\/ld+json\" class=\"yoast-schema-graph\">{\"@context\":\"https:\\\/\\\/schema.org\",\"@graph\":[{\"@type\":\"Article\",\"@id\":\"https:\\\/\\\/www.leier.sk\\\/blog\\\/leier-ako-sucast-projektu-noveho-logistickeho-centra-v-bratislave\\\/#article\",\"isPartOf\":{\"@id\":\"https:\\\/\\\/www.leier.sk\\\/blog\\\/leier-ako-sucast-projektu-noveho-logistickeho-centra-v-bratislave\\\/\"},\"author\":{\"name\":\"Leier\",\"@id\":\"https:\\\/\\\/www.leier.sk\\\/#\\\/schema\\\/person\\\/615b579e2d90c095f9ef1d794705d527\"},\"headline\":\"Leier ako s\u00fa\u010das\u0165 projektu nov\u00e9ho logistick\u00e9ho centra v Bratislave\",\"datePublished\":\"2023-04-25T07:16:18+00:00\",\"dateModified\":\"2023-04-25T07:29:40+00:00\",\"mainEntityOfPage\":{\"@id\":\"https:\\\/\\\/www.leier.sk\\\/blog\\\/leier-ako-sucast-projektu-noveho-logistickeho-centra-v-bratislave\\\/\"},\"wordCount\":219,\"publisher\":{\"@id\":\"https:\\\/\\\/www.leier.sk\\\/#organization\"},\"image\":{\"@id\":\"https:\\\/\\\/www.leier.sk\\\/blog\\\/leier-ako-sucast-projektu-noveho-logistickeho-centra-v-bratislave\\\/#primaryimage\"},\"thumbnailUrl\":\"https:\\\/\\\/www.leier.sk\\\/wp-content\\\/uploads\\\/2023\\\/04\\\/doas-00001.jpg\",\"articleSection\":[\"Blog\"],\"inLanguage\":\"en-GB\"},{\"@type\":\"WebPage\",\"@id\":\"https:\\\/\\\/www.leier.sk\\\/blog\\\/leier-ako-sucast-projektu-noveho-logistickeho-centra-v-bratislave\\\/\",\"url\":\"https:\\\/\\\/www.leier.sk\\\/blog\\\/leier-ako-sucast-projektu-noveho-logistickeho-centra-v-bratislave\\\/\",\"name\":\"Leier ako s\u00fa\u010das\u0165 projektu nov\u00e9ho logistick\u00e9ho centra v Bratislave | Leier.sk\",\"isPartOf\":{\"@id\":\"https:\\\/\\\/www.leier.sk\\\/#website\"},\"primaryImageOfPage\":{\"@id\":\"https:\\\/\\\/www.leier.sk\\\/blog\\\/leier-ako-sucast-projektu-noveho-logistickeho-centra-v-bratislave\\\/#primaryimage\"},\"image\":{\"@id\":\"https:\\\/\\\/www.leier.sk\\\/blog\\\/leier-ako-sucast-projektu-noveho-logistickeho-centra-v-bratislave\\\/#primaryimage\"},\"thumbnailUrl\":\"https:\\\/\\\/www.leier.sk\\\/wp-content\\\/uploads\\\/2023\\\/04\\\/doas-00001.jpg\",\"datePublished\":\"2023-04-25T07:16:18+00:00\",\"dateModified\":\"2023-04-25T07:29:40+00:00\",\"breadcrumb\":{\"@id\":\"https:\\\/\\\/www.leier.sk\\\/blog\\\/leier-ako-sucast-projektu-noveho-logistickeho-centra-v-bratislave\\\/#breadcrumb\"},\"inLanguage\":\"en-GB\",\"potentialAction\":[{\"@type\":\"ReadAction\",\"target\":[\"https:\\\/\\\/www.leier.sk\\\/blog\\\/leier-ako-sucast-projektu-noveho-logistickeho-centra-v-bratislave\\\/\"]}]},{\"@type\":\"ImageObject\",\"inLanguage\":\"en-GB\",\"@id\":\"https:\\\/\\\/www.leier.sk\\\/blog\\\/leier-ako-sucast-projektu-noveho-logistickeho-centra-v-bratislave\\\/#primaryimage\",\"url\":\"https:\\\/\\\/www.leier.sk\\\/wp-content\\\/uploads\\\/2023\\\/04\\\/doas-00001.jpg\",\"contentUrl\":\"https:\\\/\\\/www.leier.sk\\\/wp-content\\\/uploads\\\/2023\\\/04\\\/doas-00001.jpg\",\"width\":2560,\"height\":1707},{\"@type\":\"BreadcrumbList\",\"@id\":\"https:\\\/\\\/www.leier.sk\\\/blog\\\/leier-ako-sucast-projektu-noveho-logistickeho-centra-v-bratislave\\\/#breadcrumb\",\"itemListElement\":[{\"@type\":\"ListItem\",\"position\":1,\"name\":\"Domov\",\"item\":\"https:\\\/\\\/www.leier.sk\\\/\"},{\"@type\":\"ListItem\",\"position\":2,\"name\":\"Leier ako s\u00fa\u010das\u0165 projektu nov\u00e9ho logistick\u00e9ho centra v Bratislave\"}]},{\"@type\":\"WebSite\",\"@id\":\"https:\\\/\\\/www.leier.sk\\\/#website\",\"url\":\"https:\\\/\\\/www.leier.sk\\\/\",\"name\":\"Leier.sk\",\"description\":\"V materi\u00e1loch sme doma\",\"publisher\":{\"@id\":\"https:\\\/\\\/www.leier.sk\\\/#organization\"},\"potentialAction\":[{\"@type\":\"SearchAction\",\"target\":{\"@type\":\"EntryPoint\",\"urlTemplate\":\"https:\\\/\\\/www.leier.sk\\\/?s={search_term_string}\"},\"query-input\":{\"@type\":\"PropertyValueSpecification\",\"valueRequired\":true,\"valueName\":\"search_term_string\"}}],\"inLanguage\":\"en-GB\"},{\"@type\":\"Organization\",\"@id\":\"https:\\\/\\\/www.leier.sk\\\/#organization\",\"name\":\"Leier\",\"url\":\"https:\\\/\\\/www.leier.sk\\\/\",\"logo\":{\"@type\":\"ImageObject\",\"inLanguage\":\"en-GB\",\"@id\":\"https:\\\/\\\/www.leier.sk\\\/#\\\/schema\\\/logo\\\/image\\\/\",\"url\":\"https:\\\/\\\/www.leier.sk\\\/wp-content\\\/uploads\\\/2022\\\/02\\\/logo-leier-inverse.png\",\"contentUrl\":\"https:\\\/\\\/www.leier.sk\\\/wp-content\\\/uploads\\\/2022\\\/02\\\/logo-leier-inverse.png\",\"width\":582,\"height\":179,\"caption\":\"Leier\"},\"image\":{\"@id\":\"https:\\\/\\\/www.leier.sk\\\/#\\\/schema\\\/logo\\\/image\\\/\"},\"sameAs\":[\"https:\\\/\\\/www.facebook.com\\\/LeierSlovakia\\\/\",\"https:\\\/\\\/www.youtube.com\\\/channel\\\/UC56YB_Knhf5YvAJK_Bk-hYg\"]},{\"@type\":\"Person\",\"@id\":\"https:\\\/\\\/www.leier.sk\\\/#\\\/schema\\\/person\\\/615b579e2d90c095f9ef1d794705d527\",\"name\":\"Leier\",\"sameAs\":[\"https:\\\/\\\/www.leier.sk\"],\"url\":\"https:\\\/\\\/www.leier.sk\\\/en\\\/author\\\/leadmin\\\/\"}]}<\/script>\n<!-- \/ Yoast SEO plugin. -->","yoast_head_json":{"title":"Leier ako s\u00fa\u010das\u0165 projektu nov\u00e9ho logistick\u00e9ho centra v Bratislave | Leier.sk","robots":{"index":"index","follow":"follow","max-snippet":"max-snippet:-1","max-image-preview":"max-image-preview:large","max-video-preview":"max-video-preview:-1"},"canonical":"https:\/\/www.leier.sk\/en\/blog\/leier-ako-sucast-projektu-noveho-logistickeho-centra-v-bratislave\/","og_locale":"en_GB","og_type":"article","og_title":"Leier ako s\u00fa\u010das\u0165 projektu nov\u00e9ho logistick\u00e9ho centra v Bratislave | Leier.sk","og_description":"To, \u017ee v Bratislave ka\u017edodenne vznikaj\u00fa nov\u00e9 budovy nie je \u017eiadna novinka. No nie v\u0161etky sa m\u00f4\u017eu p\u00fd\u0161i\u0165 t\u00fdm, \u017ee s\u00fa stavan\u00e9 z kvalitn\u00fdch materi\u00e1lov. Nov\u00e9 logistick\u00e9 centrum DOAS, ktor\u00e9 sa stavia hne\u010f na skok od centr\u00e1ly Leier, medzi ne v\u0161ak patr\u00ed.&nbsp; Na stavbu boli v posledn\u00fdch d\u0148och dodan\u00e9 stropn\u00e9 panely Leier, ktor\u00e9 efekt\u00edvne a [&hellip;]","og_url":"https:\/\/www.leier.sk\/en\/blog\/leier-ako-sucast-projektu-noveho-logistickeho-centra-v-bratislave\/","og_site_name":"Leier.sk","article_publisher":"https:\/\/www.facebook.com\/LeierSlovakia\/","article_published_time":"2023-04-25T07:16:18+00:00","article_modified_time":"2023-04-25T07:29:40+00:00","og_image":[{"width":2560,"height":1707,"url":"https:\/\/www.leier.sk\/wp-content\/uploads\/2023\/04\/doas-00001.jpg","type":"image\/jpeg"}],"author":"Leier","twitter_card":"summary_large_image","twitter_misc":{"Written by":"Leier","Estimated reading time":"1 minute"},"schema":{"@context":"https:\/\/schema.org","@graph":[{"@type":"Article","@id":"https:\/\/www.leier.sk\/blog\/leier-ako-sucast-projektu-noveho-logistickeho-centra-v-bratislave\/#article","isPartOf":{"@id":"https:\/\/www.leier.sk\/blog\/leier-ako-sucast-projektu-noveho-logistickeho-centra-v-bratislave\/"},"author":{"name":"Leier","@id":"https:\/\/www.leier.sk\/#\/schema\/person\/615b579e2d90c095f9ef1d794705d527"},"headline":"Leier ako s\u00fa\u010das\u0165 projektu nov\u00e9ho logistick\u00e9ho centra v Bratislave","datePublished":"2023-04-25T07:16:18+00:00","dateModified":"2023-04-25T07:29:40+00:00","mainEntityOfPage":{"@id":"https:\/\/www.leier.sk\/blog\/leier-ako-sucast-projektu-noveho-logistickeho-centra-v-bratislave\/"},"wordCount":219,"publisher":{"@id":"https:\/\/www.leier.sk\/#organization"},"image":{"@id":"https:\/\/www.leier.sk\/blog\/leier-ako-sucast-projektu-noveho-logistickeho-centra-v-bratislave\/#primaryimage"},"thumbnailUrl":"https:\/\/www.leier.sk\/wp-content\/uploads\/2023\/04\/doas-00001.jpg","articleSection":["Blog"],"inLanguage":"en-GB"},{"@type":"WebPage","@id":"https:\/\/www.leier.sk\/blog\/leier-ako-sucast-projektu-noveho-logistickeho-centra-v-bratislave\/","url":"https:\/\/www.leier.sk\/blog\/leier-ako-sucast-projektu-noveho-logistickeho-centra-v-bratislave\/","name":"Leier ako s\u00fa\u010das\u0165 projektu nov\u00e9ho logistick\u00e9ho centra v Bratislave | Leier.sk","isPartOf":{"@id":"https:\/\/www.leier.sk\/#website"},"primaryImageOfPage":{"@id":"https:\/\/www.leier.sk\/blog\/leier-ako-sucast-projektu-noveho-logistickeho-centra-v-bratislave\/#primaryimage"},"image":{"@id":"https:\/\/www.leier.sk\/blog\/leier-ako-sucast-projektu-noveho-logistickeho-centra-v-bratislave\/#primaryimage"},"thumbnailUrl":"https:\/\/www.leier.sk\/wp-content\/uploads\/2023\/04\/doas-00001.jpg","datePublished":"2023-04-25T07:16:18+00:00","dateModified":"2023-04-25T07:29:40+00:00","breadcrumb":{"@id":"https:\/\/www.leier.sk\/blog\/leier-ako-sucast-projektu-noveho-logistickeho-centra-v-bratislave\/#breadcrumb"},"inLanguage":"en-GB","potentialAction":[{"@type":"ReadAction","target":["https:\/\/www.leier.sk\/blog\/leier-ako-sucast-projektu-noveho-logistickeho-centra-v-bratislave\/"]}]},{"@type":"ImageObject","inLanguage":"en-GB","@id":"https:\/\/www.leier.sk\/blog\/leier-ako-sucast-projektu-noveho-logistickeho-centra-v-bratislave\/#primaryimage","url":"https:\/\/www.leier.sk\/wp-content\/uploads\/2023\/04\/doas-00001.jpg","contentUrl":"https:\/\/www.leier.sk\/wp-content\/uploads\/2023\/04\/doas-00001.jpg","width":2560,"height":1707},{"@type":"BreadcrumbList","@id":"https:\/\/www.leier.sk\/blog\/leier-ako-sucast-projektu-noveho-logistickeho-centra-v-bratislave\/#breadcrumb","itemListElement":[{"@type":"ListItem","position":1,"name":"Domov","item":"https:\/\/www.leier.sk\/"},{"@type":"ListItem","position":2,"name":"Leier ako s\u00fa\u010das\u0165 projektu nov\u00e9ho logistick\u00e9ho centra v Bratislave"}]},{"@type":"WebSite","@id":"https:\/\/www.leier.sk\/#website","url":"https:\/\/www.leier.sk\/","name":"Leier.sk","description":"V materi\u00e1loch sme doma","publisher":{"@id":"https:\/\/www.leier.sk\/#organization"},"potentialAction":[{"@type":"SearchAction","target":{"@type":"EntryPoint","urlTemplate":"https:\/\/www.leier.sk\/?s={search_term_string}"},"query-input":{"@type":"PropertyValueSpecification","valueRequired":true,"valueName":"search_term_string"}}],"inLanguage":"en-GB"},{"@type":"Organization","@id":"https:\/\/www.leier.sk\/#organization","name":"Leier","url":"https:\/\/www.leier.sk\/","logo":{"@type":"ImageObject","inLanguage":"en-GB","@id":"https:\/\/www.leier.sk\/#\/schema\/logo\/image\/","url":"https:\/\/www.leier.sk\/wp-content\/uploads\/2022\/02\/logo-leier-inverse.png","contentUrl":"https:\/\/www.leier.sk\/wp-content\/uploads\/2022\/02\/logo-leier-inverse.png","width":582,"height":179,"caption":"Leier"},"image":{"@id":"https:\/\/www.leier.sk\/#\/schema\/logo\/image\/"},"sameAs":["https:\/\/www.facebook.com\/LeierSlovakia\/","https:\/\/www.youtube.com\/channel\/UC56YB_Knhf5YvAJK_Bk-hYg"]},{"@type":"Person","@id":"https:\/\/www.leier.sk\/#\/schema\/person\/615b579e2d90c095f9ef1d794705d527","name":"Leier","sameAs":["https:\/\/www.leier.sk"],"url":"https:\/\/www.leier.sk\/en\/author\/leadmin\/"}]}},"_links":{"self":[{"href":"https:\/\/www.leier.sk\/en\/wp-json\/wp\/v2\/posts\/2360","targetHints":{"allow":["GET"]}}],"collection":[{"href":"https:\/\/www.leier.sk\/en\/wp-json\/wp\/v2\/posts"}],"about":[{"href":"https:\/\/www.leier.sk\/en\/wp-json\/wp\/v2\/types\/post"}],"author":[{"embeddable":true,"href":"https:\/\/www.leier.sk\/en\/wp-json\/wp\/v2\/users\/1"}],"replies":[{"embeddable":true,"href":"https:\/\/www.leier.sk\/en\/wp-json\/wp\/v2\/comments?post=2360"}],"version-history":[{"count":2,"href":"https:\/\/www.leier.sk\/en\/wp-json\/wp\/v2\/posts\/2360\/revisions"}],"predecessor-version":[{"id":2400,"href":"https:\/\/www.leier.sk\/en\/wp-json\/wp\/v2\/posts\/2360\/revisions\/2400"}],"wp:featuredmedia":[{"embeddable":true,"href":"https:\/\/www.leier.sk\/en\/wp-json\/wp\/v2\/media\/2361"}],"wp:attachment":[{"href":"https:\/\/www.leier.sk\/en\/wp-json\/wp\/v2\/media?parent=2360"}],"wp:term":[{"taxonomy":"category","embeddable":true,"href":"https:\/\/www.leier.sk\/en\/wp-json\/wp\/v2\/categories?post=2360"},{"taxonomy":"post_tag","embeddable":true,"href":"https:\/\/www.leier.sk\/en\/wp-json\/wp\/v2\/tags?post=2360"}],"curies":[{"name":"wp","href":"https:\/\/api.w.org\/{rel}","templated":true}]}}